[{"@context":"https:\/\/schema.org\/","@type":"Article","@id":"https:\/\/www.spira.cz\/znicene-veci-cistirna-uhradi\/#Article","mainEntityOfPage":"https:\/\/www.spira.cz\/znicene-veci-cistirna-uhradi\/","headline":"Zni\u010den\u00e9 v\u011bci \u010dist\u00edrna uhrad\u00ed","name":"Zni\u010den\u00e9 v\u011bci \u010dist\u00edrna uhrad\u00ed","description":"Tak\u00e9 u\u017e se v\u00e1m n\u011bkdy v minulosti stalo, \u017ee jste si dali do \u010dist\u00edrny n\u011bjak\u00fd obl\u00edben\u00fd kousek ze sv\u00e9ho \u0161atn\u00edku a od t\u00e9 doby u\u017e jste ho na sebe nikdy nevzali? Ne, \u017ee by vy\u0161el za tu chv\u00edli z\u00a0m\u00f3dy, ale stalo se n\u011bco daleko hor\u0161\u00edho. V \u010dist\u00edrn\u011b v\u00e1m toti\u017e vr\u00e1tili n\u011bco absolutn\u011b nepou\u017eiteln\u00e9ho. o\u00a0\u00a0 A [&hellip;]","datePublished":"2018-01-26","dateModified":"2023-05-02","author":{"@type":"Person","@id":"https:\/\/www.spira.cz\/author\/#Person","name":"","url":"https:\/\/www.spira.cz\/author\/","identifier":1,"image":{"@type":"ImageObject","@id":"https:\/\/secure.gravatar.com\/avatar\/d2f205e1507a0401c7d467d32c87ccece0f63a45b81075bb691dbe8d4c823787?s=96&d=mm&r=g","url":"https:\/\/secure.gravatar.com\/avatar\/d2f205e1507a0401c7d467d32c87ccece0f63a45b81075bb691dbe8d4c823787?s=96&d=mm&r=g","height":96,"width":96}},"publisher":{"@type":"Organization","name":"spira.cz","logo":{"@type":"ImageObject","@id":"\/logo.png","url":"\/logo.png","width":600,"height":60}},"image":{"@type":"ImageObject","@id":"https:\/\/www.spira.cz\/wp-content\/uploads\/img_a311091_w1756_t1522051378.jpg","url":"https:\/\/www.spira.cz\/wp-content\/uploads\/img_a311091_w1756_t1522051378.jpg","height":0,"width":0},"url":"https:\/\/www.spira.cz\/znicene-veci-cistirna-uhradi\/","wordCount":417,"articleBody":"Tak\u00e9 u\u017e se v\u00e1m n\u011bkdy v minulosti stalo, \u017ee jste si dali do \u010dist\u00edrny n\u011bjak\u00fd obl\u00edben\u00fd kousek ze sv\u00e9ho \u0161atn\u00edku a od t\u00e9 doby u\u017e jste ho na sebe nikdy nevzali? Ne, \u017ee by vy\u0161el za tu chv\u00edli z\u00a0m\u00f3dy, ale stalo se n\u011bco daleko hor\u0161\u00edho. V \u010dist\u00edrn\u011b v\u00e1m toti\u017e vr\u00e1tili n\u011bco absolutn\u011b nepou\u017eiteln\u00e9ho. o\u00a0\u00a0 A v\u0161e se to stalo proto, \u017ee jste si necht\u011bli vlastn\u00edm neodborn\u00fdm vypr\u00e1n\u00edm ten sv\u016fj milovan\u00fd kab\u00e1t zni\u010dit.o\u00a0\u00a0 Te\u010f ho m\u016f\u017eete bu\u010f obl\u00e9knout na panenku nebo rovnou hodit do popelnice.o\u00a0\u00a0 Nebo se tak\u00e9 m\u016f\u017eete br\u00e1nit.Za \u0161kodu, kter\u00e1 vznikla prokazateln\u011b v \u010dist\u00edrn\u011b, zodpov\u00edd\u00e1 v\u017edy jej\u00ed provozovatel. Jedn\u00e1 se o takzvanou objektivn\u00ed odpov\u011bdnost za \u0161kodu. St\u00e1v\u00e1 se, \u017ee \u010dist\u00edrna zkou\u0161\u00ed jeden \u201ef\u00edgl\u201c. Vysv\u011btluje, \u017ee nem\u016f\u017ee reklamaci z n\u011bjak\u00e9ho d\u016fvodu p\u0159ijmout. Nenechte se odradit. Je jejich povinnost\u00ed reklamaci p\u0159ijmout a v\u010das vy\u0159\u00eddit.\u00b7\u00a0\u00a0\u00a0\u00a0\u00a0\u00a0\u00a0 Maj\u00ed na to t\u0159icet dn\u016f.Je ale pot\u0159eba d\u00e1t si pozor na jednu v\u011bc. Prohl\u00e9dn\u011bte si v\u0161e hned na m\u00edst\u011b. Pokud v\u011bci p\u0159inesete druh\u00fd den s t\u00edm, \u017ee v\u00e1m je \u010dist\u00edrna zni\u010dila, u\u017e byste usp\u011bt nemuseli. Je sice v z\u00e1kon\u011b, \u017ee m\u016f\u017eete uplatnit reklamaci kdykoliv v z\u00e1konn\u00e9 proml\u010dec\u00ed dob\u011b (co\u017e jsou t\u0159i roky), ale rozhodn\u011b na to nespol\u00e9hejte. Je pak velice t\u011b\u017ek\u00e9 cokoliv prokazovat.\tProdlen\u00edm \u0161kod\u00edte sami sob\u011bJestli\u017ee se v\u00e1m tedy n\u011bco p\u0159i p\u0159evzet\u00ed nezd\u00e1, rad\u011bji to vy\u0159e\u0161te hned na m\u00edst\u011b. V\u017edy je tak\u00e9 zapot\u0159eb\u00ed \u017e\u00e1dat p\u00edsemn\u00e9 potvrzen\u00ed o tom, kdy jste reklamaci uplat\u0148ovali a jak\u00fd zp\u016fsob vy\u0159\u00edzen\u00ed budete \u017e\u00e1dat.\u00b7\u00a0\u00a0\u00a0\u00a0\u00a0\u00a0\u00a0\u00a0 Pokud lze \u0161kodu je\u0161t\u011b napravit, je tento zp\u016fsob p\u0159ijateln\u00fd.\u00b7\u00a0\u00a0\u00a0\u00a0\u00a0\u00a0\u00a0\u00a0 Jestli\u017ee u\u017e je \u0161koda nevratn\u00e1, pak v\u00e1m mus\u00ed \u010dist\u00edrna zni\u010den\u00fd kus rozhodn\u011b zaplatit.Bude-li se provozovna br\u00e1nit celou v\u011bc n\u011bkter\u00fdm z t\u011bchto zp\u016fsob\u016f vy\u0159e\u0161it, pak v\u00e1m nezbyde nic jin\u00e9ho ne\u017eli se obr\u00e1tit na soud, kter\u00fd zah\u00e1j\u00ed ob\u010danskopr\u00e1vn\u00ed \u0159\u00edzen\u00ed. Ale to u\u017e je opravdu krajn\u00ed mo\u017enost. Doufejme, \u017ee se budou v\u017edy ob\u011b strany sna\u017eit o p\u0159\u00e1telskou dohodu.                                                                                                                                                                                                                                                                                                                                                                                        4.3\/5 - (7 votes)        "},{"@context":"https:\/\/schema.org\/","@type":"BreadcrumbList","itemListElement":[{"@type":"ListItem","position":1,"name":"Zni\u010den\u00e9 v\u011bci \u010dist\u00edrna uhrad\u00ed","item":"https:\/\/www.spira.cz\/znicene-veci-cistirna-uhradi\/#breadcrumbitem"}]}]