[{"@context":"https:\/\/schema.org\/","@type":"Article","@id":"https:\/\/www.spira.cz\/vzacne-zivotni-okamziky-v-objektivu-profesionala\/#Article","mainEntityOfPage":"https:\/\/www.spira.cz\/vzacne-zivotni-okamziky-v-objektivu-profesionala\/","headline":"Vz\u00e1cn\u00e9 \u017eivotn\u00ed okam\u017eiky v objektivu profesion\u00e1la","name":"Vz\u00e1cn\u00e9 \u017eivotn\u00ed okam\u017eiky v objektivu profesion\u00e1la","description":"Lid\u00e9 denn\u011b po\u0159izuj\u00ed des\u00edtky fotografi\u00ed p\u0159i t\u00e9m\u011b\u0159 ka\u017ed\u00e9 p\u0159\u00edle\u017eitosti. Co je k tomu vlastn\u011b vede? Touha zachytit okam\u017eiky, kter\u00e9 jsou neopakovateln\u00e9, n\u011b\u010d\u00edm v\u00fdjime\u010dn\u00e9, p\u0159in\u00e1\u0161ej\u00edc\u00ed radost, smutek a vyvol\u00e1vaj\u00edc\u00ed vzpom\u00ednky na r\u016fzn\u00e9 ud\u00e1losti a bl\u00edzk\u00e9 osoby. Mnoho t\u011bchto narychlo a \u010dasto i ne p\u0159\u00edli\u0161 kvalitn\u011b po\u0159\u00edzen\u00fdch sn\u00edmk\u016f ani nespat\u0159\u00ed fotografick\u00fd pap\u00edr a jsou po \u010dase odsouzeny [&hellip;]","datePublished":"2019-08-01","dateModified":"2023-09-01","author":{"@type":"Person","@id":"https:\/\/www.spira.cz\/author\/#Person","name":"","url":"https:\/\/www.spira.cz\/author\/","identifier":1,"image":{"@type":"ImageObject","@id":"https:\/\/secure.gravatar.com\/avatar\/d2f205e1507a0401c7d467d32c87ccece0f63a45b81075bb691dbe8d4c823787?s=96&d=mm&r=g","url":"https:\/\/secure.gravatar.com\/avatar\/d2f205e1507a0401c7d467d32c87ccece0f63a45b81075bb691dbe8d4c823787?s=96&d=mm&r=g","height":96,"width":96}},"publisher":{"@type":"Organization","name":"spira.cz","logo":{"@type":"ImageObject","@id":"\/logo.png","url":"\/logo.png","width":600,"height":60}},"image":{"@type":"ImageObject","@id":"https:\/\/www.spira.cz\/wp-content\/uploads\/img_a358223_w1710_t1572449884.jpg","url":"https:\/\/www.spira.cz\/wp-content\/uploads\/img_a358223_w1710_t1572449884.jpg","height":0,"width":0},"url":"https:\/\/www.spira.cz\/vzacne-zivotni-okamziky-v-objektivu-profesionala\/","about":["Slu\u017eby"],"wordCount":386,"articleBody":"      Lid\u00e9 denn\u011b po\u0159izuj\u00ed des\u00edtky fotografi\u00ed p\u0159i t\u00e9m\u011b\u0159 ka\u017ed\u00e9 p\u0159\u00edle\u017eitosti. Co je k tomu vlastn\u011b vede? Touha zachytit okam\u017eiky, kter\u00e9 jsou neopakovateln\u00e9, n\u011b\u010d\u00edm v\u00fdjime\u010dn\u00e9, p\u0159in\u00e1\u0161ej\u00edc\u00ed radost, smutek a vyvol\u00e1vaj\u00edc\u00ed vzpom\u00ednky na r\u016fzn\u00e9 ud\u00e1losti a bl\u00edzk\u00e9 osoby. Mnoho t\u011bchto narychlo a \u010dasto i ne p\u0159\u00edli\u0161 kvalitn\u011b po\u0159\u00edzen\u00fdch sn\u00edmk\u016f ani nespat\u0159\u00ed fotografick\u00fd pap\u00edr a jsou po \u010dase odsouzeny ke smaz\u00e1n\u00ed. Pokud chcete v\u00fdznamn\u00e9 ud\u00e1losti va\u0161eho \u017eivota zdokumentovat opravdu kvalitn\u011b sv\u011b\u0159te tento \u00fakol, profesion\u00e1lce s desetiletou prax\u00ed v oboru, kter\u00e1 p\u016fsob\u00ed ve Zl\u00edn\u011b a jeho bl\u00edzk\u00e9m okol\u00ed. Jej\u00edm obl\u00edben\u00fdm t\u00e9matem je focen\u00ed rodinn\u00fdch portr\u00e9tn\u00edch sn\u00edmk\u016f, ale velmi r\u00e1da pracuje i s nast\u00e1vaj\u00edc\u00edmi maminkami a novorozenci, jejich\u017e prvn\u00ed sn\u00edmky v takzvan\u00e9m report\u00e1\u017en\u00edm stylu v\u00e1m po\u0159\u00edd\u00ed u\u017e t\u0159et\u00ed den po narozen\u00ed d\u00edt\u011bte v porodnici. Mohou b\u00fdt dle dohody v posledn\u00ed dobou velmi \u017e\u00e1dan\u00e9m \u010dernob\u00edl\u00e9m, nebo barevn\u00e9m proveden\u00ed. Pokud budete se slu\u017ebou spokojeni a vyu\u017eijete ji i pozd\u011bji v pr\u016fb\u011bhu r\u016fstu d\u00edt\u011bte, nab\u00edz\u00ed fotografka slevu deset procent u t\u0159et\u00ed va\u0161\u00ed n\u00e1v\u0161t\u011bvy ve fotoateli\u00e9ru. Pro star\u0161\u00ed d\u011bti se nab\u00edz\u00ed volba focen\u00ed v ateli\u00e9ru, ale ov\u011b\u0159en\u00e1 praxe \u0159\u00edk\u00e1, \u017ee jsou daleko p\u0159irozen\u011bj\u0161\u00ed a uvoln\u011bn\u011bj\u0161\u00ed v exteri\u00e9ru. K tomu velmi p\u0159isp\u00edvaj\u00ed i rekvizity, je\u017e velmi ovlivn\u00ed celkovou atmosf\u00e9ru a n\u00e1ladu sn\u00edmk\u016f. Plat\u00ed to i o dosp\u011bl\u00fdch, pro kter\u00e9 jsou k zap\u016fj\u010den\u00ed \u0161aty a m\u00f3dn\u00ed dopl\u0148ky a sez\u00f3nn\u00ed rekvizity, v\u010detn\u011b \u00fapravy viz\u00e1\u017ee.Sn\u00edmky lze zpracovat do klasick\u00fdch jednotliv\u00fdch fotografi\u00ed v r\u016fzn\u00fdch form\u00e1tech a rozm\u011brech, nebo formou fotoknihy o deseti listech, obsahuj\u00edc\u00ed dvacet fotografi\u00ed z ateli\u00e9ru, \u010di exteri\u00e9ru, upraven\u00fdch profesion\u00e1ln\u00ed retu\u0161\u00ed. Ud\u011blejte radost sob\u011b, nebo sv\u00fdm bl\u00edzk\u00fdm darov\u00e1n\u00edm kvalitn\u011b proveden\u00e9 fotografie od t\u00e9to kreativn\u00ed a n\u00e1padit\u00e9 d\u00e1my, jej\u00ed\u017e fotografie u\u017e pot\u011b\u0161ily mnoho spokojen\u00fdch klient\u016f!                                                                                                                                                                                                                                                                                                                                                                                           4.2\/5 - (6 votes)        "},{"@context":"https:\/\/schema.org\/","@type":"BreadcrumbList","itemListElement":[{"@type":"ListItem","position":1,"name":"Vz\u00e1cn\u00e9 \u017eivotn\u00ed okam\u017eiky v objektivu profesion\u00e1la","item":"https:\/\/www.spira.cz\/vzacne-zivotni-okamziky-v-objektivu-profesionala\/#breadcrumbitem"}]}]