[{"@context":"https:\/\/schema.org\/","@type":"Article","@id":"https:\/\/www.spira.cz\/vybirame-matraci-pro-nasi-postel\/#Article","mainEntityOfPage":"https:\/\/www.spira.cz\/vybirame-matraci-pro-nasi-postel\/","headline":"Vyb\u00edr\u00e1me matraci pro na\u0161i postel","name":"Vyb\u00edr\u00e1me matraci pro na\u0161i postel","description":"Za\u0159izujete si byt, zakoupili jste novou postel a nyn\u00ed je \u0159ada na n\u00e1kup vhodn\u00e9 matrace? A u\u017e m\u00e1te jasno, co po\u0159\u00edd\u00edte, anebo st\u00e1le hled\u00e1te inspiraci a dobr\u00e9 n\u00e1pady? Mohli bychom si tu shrnout p\u00e1r z\u00e1kladn\u00edch bod\u016f, s nimi\u017e \u00b4m\u016f\u017eete m\u00edt v\u011bt\u0161\u00ed \u00fasp\u011bch, a\u0165 u\u017e se jedn\u00e1 o matraci na man\u017eelsk\u00e9 dvojl\u016f\u017eko, anebo na postel pro [&hellip;]","datePublished":"2025-06-03","dateModified":"2025-06-03","author":{"@type":"Person","@id":"https:\/\/www.spira.cz\/author\/#Person","name":"","url":"https:\/\/www.spira.cz\/author\/","identifier":1,"image":{"@type":"ImageObject","@id":"https:\/\/secure.gravatar.com\/avatar\/d2f205e1507a0401c7d467d32c87ccece0f63a45b81075bb691dbe8d4c823787?s=96&d=mm&r=g","url":"https:\/\/secure.gravatar.com\/avatar\/d2f205e1507a0401c7d467d32c87ccece0f63a45b81075bb691dbe8d4c823787?s=96&d=mm&r=g","height":96,"width":96}},"publisher":{"@type":"Organization","name":"spira.cz","logo":{"@type":"ImageObject","@id":"\/logo.png","url":"\/logo.png","width":600,"height":60}},"image":{"@type":"ImageObject","@id":"https:\/\/www.spira.cz\/wp-content\/uploads\/baby-7388054_640_3.jpg","url":"https:\/\/www.spira.cz\/wp-content\/uploads\/baby-7388054_640_3.jpg","height":0,"width":0},"url":"https:\/\/www.spira.cz\/vybirame-matraci-pro-nasi-postel\/","about":["N\u00e1kupy"],"wordCount":435,"articleBody":"        Za\u0159izujete si byt, zakoupili jste novou postel a nyn\u00ed je \u0159ada na n\u00e1kup vhodn\u00e9 matrace? A u\u017e m\u00e1te jasno, co po\u0159\u00edd\u00edte, anebo st\u00e1le hled\u00e1te inspiraci a dobr\u00e9 n\u00e1pady? Mohli bychom si tu shrnout p\u00e1r z\u00e1kladn\u00edch bod\u016f, s nimi\u017e \u00b4m\u016f\u017eete m\u00edt v\u011bt\u0161\u00ed \u00fasp\u011bch, a\u0165 u\u017e se jedn\u00e1 o matraci na man\u017eelsk\u00e9 dvojl\u016f\u017eko, anebo na postel pro jednotlivce.Hmotnost va\u0161eho t\u011bla \u2013 p\u0159i n\u00e1kupu nejlevn\u011bj\u0161\u00ed matrace je na prvn\u00edm m\u00edst\u011b va\u0161e p\u00e1te\u0159. Jestli\u017ee budete sp\u00e1t na p\u0159\u00edli\u0161 m\u011bkk\u00e9m povrchu, kter\u00fd se pod v\u00e1mi bude neust\u00e1le proh\u00fdbat podobn\u011b jako houpac\u00ed s\u00ed\u0165, nedopadne to dob\u0159e, nebo\u0165 m\u016f\u017ee b\u00fdt p\u00e1te\u0159 nadm\u011brn\u011b zat\u011b\u017eov\u00e1na. Nep\u0159irozen\u00e9 prohnut\u00ed nast\u00e1v\u00e1 i u p\u0159\u00edli\u0161 tvrd\u00e9 matrace, je tedy \u017e\u00e1douc\u00ed zvolit takovou tvrdost polyuretanu, aby va\u0161e p\u00e1te\u0159 z\u016fstala pokud mo\u017eno v rovin\u011b. V tabulk\u00e1ch pro tuhost matrac\u00ed je uv\u00e1d\u011bno, \u017ee pro dosp\u011bl\u00e9ho \u010dlov\u011bka ni\u017e\u0161\u00ed v\u00e1hov\u00e9 kategorie posta\u010d\u00ed stupe\u0148 3, stupe\u0148 4 je pro t\u011b\u017e\u0161\u00ed osoby a stupe\u0148 5 \u2013 nejtvrd\u0161\u00ed matrace pro extr\u00e9mn\u011b t\u011b\u017ek\u00e9 osoby s nadv\u00e1hou a obezitou. Stupn\u011b 1 a 2 jsou ur\u010den\u00e9 d\u011btem.L\u00edn\u00e1 p\u011bna \u2013 v sou\u010dasn\u00e9 dob\u011b se na trhu prosazuje i tzv. L\u00edn\u00e1 p\u011bna neboli Pam\u011b\u0165ov\u00e1 p\u011bna. Odborn\u011b se naz\u00fdv\u00e1 Visco p\u011bna, p\u0159i\u010dem\u017e prvn\u00ed dva n\u00e1zvy souvis\u00ed s jej\u00ed vlastnost\u00ed pamatovat si kr\u00e1tkou dobu deformaci zp\u016fsobenou nap\u0159\u00edklad dlan\u00ed nebo bos\u00fdm chodidlem s t\u00edm, \u017ee se p\u011bna jen l\u00edn\u011b navrac\u00ed do p\u016fvodn\u00ed viz\u00e1\u017ee. L\u00edn\u00e1 p\u011bna je ale velmi m\u011bkk\u00e1 a p\u0159\u00edjemn\u00e1 na dotek a hod\u00ed se pro horn\u00ed \u010d\u00e1sti skl\u00e1dan\u00fdch matrac\u00ed ve dvou \u010di v\u00edce vrstv\u00e1ch \u2013 nap\u0159\u00edklad naho\u0159e bude Visco p\u011bna, uprost\u0159ed pojen\u00fd v\u00fdpl\u0148ov\u00fd molitan z recykl\u00e1tu a na spodn\u00ed stran\u011b pak kvalitn\u00ed Studen\u00e1 HR p\u011bna pat\u0159i\u010dnou tuhost\u00ed nap\u0159\u00edklad stupn\u011bm 3.Matraci chra\u0148te chr\u00e1ni\u010dem \u2013 p\u0159ed odestl\u00e1n\u00edm postele se vyplat\u00ed polo\u017eit na matraci speci\u00e1ln\u00ed pogumovanou f\u00f3lii, kter\u00e1 ji chr\u00e1n\u00ed p\u0159ed rozlit\u00edm tekutin nebo p\u0159ed mo\u010d\u00ed, potem a dal\u0161\u00edmi t\u011blesn\u00fdmi tekutinami. Nemus\u00edte m\u00edt obavy z mal\u00fdch d\u011bt\u00ed, kter\u00e9 se v posteli po\u010d\u016fraj\u00ed, anebo z pit\u00ed \u010daje \u010di k\u00e1vy, jestli\u017ee nedopat\u0159en\u00edm v posteli p\u0159evrhnete hrnek.                                                                                                                                                                                                                                                                                                                                                                                          4.8\/5 - (5 votes)        "},{"@context":"https:\/\/schema.org\/","@type":"BreadcrumbList","itemListElement":[{"@type":"ListItem","position":1,"name":"Vyb\u00edr\u00e1me matraci pro na\u0161i postel","item":"https:\/\/www.spira.cz\/vybirame-matraci-pro-nasi-postel\/#breadcrumbitem"}]}]