[{"@context":"https:\/\/schema.org\/","@type":"Article","@id":"https:\/\/www.spira.cz\/uz-zadne-smutne-nudeni-v-lavicich-nastal-cas-vyletu\/#Article","mainEntityOfPage":"https:\/\/www.spira.cz\/uz-zadne-smutne-nudeni-v-lavicich-nastal-cas-vyletu\/","headline":"U\u017e \u017e\u00e1dn\u00e9 smutn\u00e9 nud\u011bn\u00ed v lavic\u00edch! &#8211; Nastal \u010das v\u00fdletu!","name":"U\u017e \u017e\u00e1dn\u00e9 smutn\u00e9 nud\u011bn\u00ed v lavic\u00edch! &#8211; Nastal \u010das v\u00fdletu!","description":"Snad ka\u017ed\u00e9 d\u00edt\u011b je r\u00e1do, kdy\u017e se jeden den ve \u0161kole nemus\u00ed u\u010dit, ale kdy\u017e pro zm\u011bnu jede n\u011bkam ven s celou t\u0159\u00eddou a svou pan\u00ed u\u010ditelkou na v\u00fdlet. V\u017edy se moc t\u011b\u0161\u00ed, co za\u017eij\u00ed, co hezk\u00e9ho uvid\u00ed, co se bude ten den d\u00edt, nebo jak to bude prob\u00edhat. Aby v\u0161echno klapalo tak, jak m\u00e1, [&hellip;]","datePublished":"2023-05-02","dateModified":"2023-05-02","author":{"@type":"Person","@id":"https:\/\/www.spira.cz\/author\/#Person","name":"","url":"https:\/\/www.spira.cz\/author\/","identifier":1,"image":{"@type":"ImageObject","@id":"https:\/\/secure.gravatar.com\/avatar\/d2f205e1507a0401c7d467d32c87ccece0f63a45b81075bb691dbe8d4c823787?s=96&d=mm&r=g","url":"https:\/\/secure.gravatar.com\/avatar\/d2f205e1507a0401c7d467d32c87ccece0f63a45b81075bb691dbe8d4c823787?s=96&d=mm&r=g","height":96,"width":96}},"publisher":{"@type":"Organization","name":"spira.cz","logo":{"@type":"ImageObject","@id":"\/logo.png","url":"\/logo.png","width":600,"height":60}},"url":"https:\/\/www.spira.cz\/uz-zadne-smutne-nudeni-v-lavicich-nastal-cas-vyletu\/","about":["Cestov\u00e1n\u00ed"],"wordCount":433,"articleBody":" Snad ka\u017ed\u00e9 d\u00edt\u011b je r\u00e1do, kdy\u017e se jeden den ve \u0161kole nemus\u00ed u\u010dit, ale kdy\u017e pro zm\u011bnu jede n\u011bkam ven s celou t\u0159\u00eddou a svou pan\u00ed u\u010ditelkou na v\u00fdlet. V\u017edy se moc t\u011b\u0161\u00ed, co za\u017eij\u00ed, co hezk\u00e9ho uvid\u00ed, co se bude ten den d\u00edt, nebo jak to bude prob\u00edhat. Aby v\u0161echno klapalo tak, jak m\u00e1, jsme zde my s na\u0161imi profesion\u00e1ln\u011b p\u0159ipraven\u00fdmi programy, ze kter\u00fdch si m\u016f\u017eete vyb\u00edrat. M\u00e1me p\u0159edem p\u0159ipravenou nab\u00eddku r\u016fzn\u00fdch v\u00fdlet\u016f pro \u0161koly .Zabav\u00edme tak nejmen\u0161\u00ed d\u011bti klidn\u011b v prvn\u00ed nebo druh\u00e9 t\u0159\u00edd\u011b, ale tak\u00e9 u\u017e ty v\u011bt\u0161\u00ed, pro kter\u00e9 m\u00e1me zase p\u0159ipraven\u00e9 n\u011bco zcela jin\u00e9ho, z \u010deho m\u016f\u017eete vyb\u00edrat, aby se dob\u0159e bavili. Mysl\u00edme v\u0161ak i na ty nejv\u011bt\u0161\u00ed, \u010dili \u017e\u00e1ky druh\u00e9ho stupn\u011b a zn\u00e1me jejich po\u017eadavky. Proto je tak\u00e9 mo\u017en\u00e1 u n\u00e1s vybrat dokonce dvoudenn\u00ed v\u00fdlet, kter\u00fd jist\u011b sv\u00fdm programem zaujme v\u0161echny.&#13; Pestr\u00fd program znamen\u00e1 n\u011bco pro ka\u017ed\u00e9ho!&#13; \u00d8 Hur\u00e1 ze \u0161koly, tak by se daly slovy popsat pocity d\u011bt\u00ed, kter\u00e9 se sice mo\u017en\u00e1 r\u00e1dy u\u010d\u00ed, n\u011bkter\u00e9 v\u0161ak nerady, ale v\u0161echny si mohou formou v\u00fdletu odpo\u010dinout od u\u010den\u00ed.&#13; \u00d8 D\u00edky na\u0161emu programu se nejenom bav\u00ed, ale z\u00e1rove\u0148 se nau\u010d\u00ed mnoho nov\u00fdch poznatk\u016f a z\u00edskaj\u00ed tak spoustu informac\u00ed.&#13; Co je d\u016fle\u017eit\u00e9?&#13; &#8211; Program, kter\u00fd bude d\u011bti bavit &#8211; Pr\u016fvodce, kter\u00fd bude zku\u0161en\u00fd a bude p\u0159esn\u011b hl\u00eddat, co se bude d\u00edt, p\u0159\u00edpadn\u011b bude zn\u00e1t odpov\u011bdi na nete\u010dn\u00e9 ot\u00e1zky d\u011bt\u00ed. &#8211; Praktick\u00e1 str\u00e1nka \u2013zde si d\u011bti v n\u011bkter\u00fdch programech mohou v\u0161echno vyzkou\u0161et. Zapoj\u00ed se tak do d\u011bn\u00ed a bude je to o to v\u00edce bavit. Vyzkou\u0161\u00ed si jak se co d\u011bl\u00e1, a\u0165 tak\u00e9 maj\u00ed p\u0159edstavu, jak je to slo\u017eit\u00e9 \u010di t\u011b\u017ek\u00e9 nebo pr\u00e1v\u011b pro n\u011bkoho jednoduch\u00e9.&#8211; Cesta, kter\u00e1 nebude dlouh\u00e1 \u2013 v\u017edy se sna\u017e\u00edme m\u00edt ve\u0161ker\u00e9 atrakce \u010di programy pro d\u011bti bl\u00edzko vedle sebe, abyste nemuseli nikam daleko a dlouho cestovat autobusem.&#8211; Pl\u00e1nov\u00e1n\u00ed do posledn\u00edho detailu \u2013Nechejte na n\u00e1s celkovou p\u0159\u00edpravu. Jako u\u010ditel\u00e9 si to mnohem v\u00edce u\u017eijte a budete m\u00edt dokonale p\u0159ipraven\u00fd program pro svou t\u0159\u00eddu i se v\u0161emi detaily.                                                                                                                                                                                                                                                                                                                                                                                         3.6\/5 - (5 votes)        "},{"@context":"https:\/\/schema.org\/","@type":"BreadcrumbList","itemListElement":[{"@type":"ListItem","position":1,"name":"U\u017e \u017e\u00e1dn\u00e9 smutn\u00e9 nud\u011bn\u00ed v lavic\u00edch! &#8211; Nastal \u010das v\u00fdletu!","item":"https:\/\/www.spira.cz\/uz-zadne-smutne-nudeni-v-lavicich-nastal-cas-vyletu\/#breadcrumbitem"}]}]