[{"@context":"https:\/\/schema.org\/","@type":"Article","@id":"https:\/\/www.spira.cz\/stehujeme-se-z-prahy-do-jizerskych-hor\/#Article","mainEntityOfPage":"https:\/\/www.spira.cz\/stehujeme-se-z-prahy-do-jizerskych-hor\/","headline":"St\u011bhujeme se z Prahy do Jizersk\u00fdch hor","name":"St\u011bhujeme se z Prahy do Jizersk\u00fdch hor","description":"Pl\u00e1nujete st\u011bhov\u00e1n\u00ed z Prahy a va\u0161\u00ed c\u00edlovou destinac\u00ed nebude \u017e\u00e1dn\u00e9 velk\u00e9 m\u011bsto, ani men\u0161\u00ed m\u011bste\u010dko, n\u00fdbr\u017e okrajov\u00e1 \u010d\u00e1st docela mal\u00e9 obce v Jizersk\u00fdch hor\u00e1ch? Po\u0159\u00eddili jste si tu rekrea\u010dn\u00ed celoro\u010dn\u011b obyvateln\u00fd objekt a d\u00e1v\u00e1te m\u011bstu \u201evale\u201c ji\u017e natrvalo? Pak nezapome\u0148te na n\u011bkter\u00e9 d\u016fle\u017eit\u00e9 body, kter\u00e9 byste m\u011bli je\u0161t\u011b p\u0159ed st\u011bhov\u00e1n\u00edm bytu v Praze zajistit. Administrativa [&hellip;]","datePublished":"2023-11-03","dateModified":"2024-02-01","author":{"@type":"Person","@id":"https:\/\/www.spira.cz\/author\/#Person","name":"","url":"https:\/\/www.spira.cz\/author\/","identifier":1,"image":{"@type":"ImageObject","@id":"https:\/\/secure.gravatar.com\/avatar\/d2f205e1507a0401c7d467d32c87ccece0f63a45b81075bb691dbe8d4c823787?s=96&d=mm&r=g","url":"https:\/\/secure.gravatar.com\/avatar\/d2f205e1507a0401c7d467d32c87ccece0f63a45b81075bb691dbe8d4c823787?s=96&d=mm&r=g","height":96,"width":96}},"publisher":{"@type":"Organization","name":"spira.cz","logo":{"@type":"ImageObject","@id":"\/logo.png","url":"\/logo.png","width":600,"height":60}},"image":{"@type":"ImageObject","@id":"https:\/\/www.spira.cz\/wp-content\/uploads\/mountains-2451139_640_1.jpg","url":"https:\/\/www.spira.cz\/wp-content\/uploads\/mountains-2451139_640_1.jpg","height":0,"width":0},"url":"https:\/\/www.spira.cz\/stehujeme-se-z-prahy-do-jizerskych-hor\/","about":["Online"],"wordCount":418,"articleBody":"        Pl\u00e1nujete st\u011bhov\u00e1n\u00ed z Prahy a va\u0161\u00ed c\u00edlovou destinac\u00ed nebude \u017e\u00e1dn\u00e9 velk\u00e9 m\u011bsto, ani men\u0161\u00ed m\u011bste\u010dko, n\u00fdbr\u017e okrajov\u00e1 \u010d\u00e1st docela mal\u00e9 obce v Jizersk\u00fdch hor\u00e1ch? Po\u0159\u00eddili jste si tu rekrea\u010dn\u00ed celoro\u010dn\u011b obyvateln\u00fd objekt a d\u00e1v\u00e1te m\u011bstu \u201evale\u201c ji\u017e natrvalo? Pak nezapome\u0148te na n\u011bkter\u00e9 d\u016fle\u017eit\u00e9 body, kter\u00e9 byste m\u011bli je\u0161t\u011b p\u0159ed st\u011bhov\u00e1n\u00edm bytu v Praze zajistit.Administrativa \u2013 balen\u00ed v\u011bc\u00ed do krabic a obstar\u00e1n\u00ed balic\u00edho materi\u00e1lu je samoz\u0159ejm\u011b d\u016fle\u017eit\u00e9, ale z\u00e1sadn\u00ed roli hraj\u00ed zejm\u00e9na administrativn\u00ed polo\u017eky, o n\u011b se bohu\u017eel op\u00edr\u00e1 cel\u00fd st\u011bhovac\u00ed proces. Nem\u00e1me t\u00edm zrovna na mysli zaji\u0161t\u011bn\u00ed st\u011bhovac\u00ed firmy, tam to b\u00fdv\u00e1 jednoduch\u00e9 a n\u011bkdy sta\u010d\u00ed jen n\u011bkolik telefon\u00e1t\u016f nebo e-mail\u016f \u010di jedna osobn\u00ed sch\u016fzka, a je dojedn\u00e1no. Probl\u00e9my m\u016f\u017eete o\u010dek\u00e1vat u n\u00e1jemn\u00ed smlouvy, prodeje bytu, p\u0159episu energi\u00ed na nov\u00e9ho majitele a nahl\u00e1\u0161en\u00ed zm\u011bn adresy trval\u00e9ho pobytu kv\u016fli nov\u00fdm doklad\u016fm. Ti z v\u00e1s, co se domn\u00edvaj\u00ed, \u017ee s p\u00e1dem \u017eelezn\u00e9 opony a socialismu skon\u010dila i p\u0159ebujel\u00e1 byrokracie, jsou na omylu.Parkov\u00e1n\u00ed \u2013 budou m\u00edt st\u011bhov\u00e1ci se sv\u00fdm n\u00e1kladn\u00edm autem (mo\u017en\u00e1 i s n\u00e1v\u011bsem) kde zaparkovat? V Jizersk\u00fdch hor\u00e1ch p\u0159ed va\u0161\u00ed chalupou z\u0159ejm\u011b ano, ale v Praze na s\u00eddli\u0161ti bude zapot\u0159eb\u00ed zajistit parkovac\u00ed m\u00edsto na p\u0159\u00edslu\u0161n\u00e9m magistr\u00e1tu. Mus\u00edte ale o n\u011bj po\u017e\u00e1dat cel\u00fdch t\u0159icet dn\u016f p\u0159edem (minim\u00e1ln\u011b), abyste t\u00edm nebyli zasko\u010deni \u2013 tak dlouho to m\u016f\u017ee \u00fa\u0159edn\u00edk\u016fm trvat, ne\u017e v\u00e1m m\u00edsto p\u0159iklepnou.Sn\u011bhov\u00e9 \u0159et\u011bzy, posypov\u00fd materi\u00e1l \u2013 jestli\u017ee se mus\u00edte p\u0159est\u011bhovat v zim\u011b, a ned\u00e1 se to odlo\u017eit na jindy, p\u0159ipravte se na to, \u017ee v hor\u00e1ch m\u016f\u017ee napadnout za jedinou noc t\u0159eba patn\u00e1ct centimetr\u016f nov\u00e9ho sn\u011bhu, a nahoru se bez sn\u011bhov\u00fdch \u0159et\u011bz\u016f nevy\u0161kr\u00e1bete. Sn\u011bhov\u00e9 \u0159et\u011bzy budete pot\u0159ebovat tak jako tak, a krom\u011b toho se v\u00e1m m\u016f\u017ee hodit pytel s p\u00edskem jako posypov\u00fd materi\u00e1l p\u0159ed p\u0159\u00edjezdem do chaty jak na silnici, tak i na chodn\u00edk.                                                                                                                                                                                                                                                                                                                                                                                          5\/5 - (1 vote)        "},{"@context":"https:\/\/schema.org\/","@type":"BreadcrumbList","itemListElement":[{"@type":"ListItem","position":1,"name":"St\u011bhujeme se z Prahy do Jizersk\u00fdch hor","item":"https:\/\/www.spira.cz\/stehujeme-se-z-prahy-do-jizerskych-hor\/#breadcrumbitem"}]}]