[{"@context":"https:\/\/schema.org\/","@type":"Article","@id":"https:\/\/www.spira.cz\/pracovni-outfit\/#Article","mainEntityOfPage":"https:\/\/www.spira.cz\/pracovni-outfit\/","headline":"Pracovn\u00ed outfit","name":"Pracovn\u00ed outfit","description":"Ka\u017ed\u00fd zam\u011bstnanec, kdy\u017e nastupuje do pr\u00e1ce, tak dostane oble\u010den\u00ed, kter\u00e9 mus\u00ed na pracovi\u0161ti nosit. Teda ne \u00fapln\u011b ka\u017ed\u00fd, ale ka\u017ed\u00fd, kdo pracuje nap\u0159\u00edklad v obchodech, prost\u011b ten zam\u011bstnanec, kter\u00fd je na o\u010d\u00edch. Dostanou kalhoty (p\u0159\u00edpadn\u011b sukni), firemn\u00ed ko\u0161ili https:\/\/www.promodarky.cz\/kategorie\/reklamni-textil\/kosile\/, svetr, p\u00e1sek, vestu \u010di s\u00e1\u010dko. V\u011bt\u0161inou je n\u011bkde v\u0161it\u00e9 logo firmy. Toto oble\u010den\u00ed se objedn\u00e1v\u00e1 p\u0159es [&hellip;]","datePublished":"2022-09-05","dateModified":"2023-05-02","author":{"@type":"Person","@id":"https:\/\/www.spira.cz\/author\/#Person","name":"","url":"https:\/\/www.spira.cz\/author\/","identifier":1,"image":{"@type":"ImageObject","@id":"https:\/\/secure.gravatar.com\/avatar\/d2f205e1507a0401c7d467d32c87ccece0f63a45b81075bb691dbe8d4c823787?s=96&d=mm&r=g","url":"https:\/\/secure.gravatar.com\/avatar\/d2f205e1507a0401c7d467d32c87ccece0f63a45b81075bb691dbe8d4c823787?s=96&d=mm&r=g","height":96,"width":96}},"publisher":{"@type":"Organization","name":"spira.cz","logo":{"@type":"ImageObject","@id":"\/logo.png","url":"\/logo.png","width":600,"height":60}},"image":{"@type":"ImageObject","@id":"https:\/\/www.spira.cz\/wp-content\/uploads\/person-g393732394_640.jpg","url":"https:\/\/www.spira.cz\/wp-content\/uploads\/person-g393732394_640.jpg","height":0,"width":0},"url":"https:\/\/www.spira.cz\/pracovni-outfit\/","about":["N\u00e1kupy"],"wordCount":415,"articleBody":"           Ka\u017ed\u00fd zam\u011bstnanec, kdy\u017e nastupuje do pr\u00e1ce, tak dostane oble\u010den\u00ed, kter\u00e9 mus\u00ed na pracovi\u0161ti nosit. Teda ne \u00fapln\u011b ka\u017ed\u00fd, ale ka\u017ed\u00fd, kdo pracuje nap\u0159\u00edklad v obchodech, prost\u011b ten zam\u011bstnanec, kter\u00fd je na o\u010d\u00edch. Dostanou kalhoty (p\u0159\u00edpadn\u011b sukni), firemn\u00ed ko\u0161ili https:\/\/www.promodarky.cz\/kategorie\/reklamni-textil\/kosile\/, svetr, p\u00e1sek, vestu \u010di s\u00e1\u010dko. V\u011bt\u0161inou je n\u011bkde v\u0161it\u00e9 logo firmy. Toto oble\u010den\u00ed se objedn\u00e1v\u00e1 p\u0159es pracovn\u00ed formul\u00e1\u0159, tak\u017ee se n\u011bkdy m\u016f\u017ee st\u00e1t, \u017ee na svoje oble\u010den\u00ed budete n\u011bjakou dobu \u010dekat. N\u011bkter\u00e9 takov\u00e9to oble\u010den\u00ed m\u016f\u017eete unosit i mimo pracovi\u0161t\u011b.  Kdy\u017e se V\u00e1m po\u0161t\u011bst\u00ed a dostane se V\u00e1m mo\u017enosti pov\u00fd\u0161en\u00ed a skute\u010dn\u011b budete pov\u00fd\u0161eni, tak v\u011bt\u0161inou dostanete i jin\u00e9 oble\u010den\u00ed, abyste se odli\u0161ily od ostatn\u00edch zam\u011bstnanc\u016f. V takov\u00e9mto p\u0159\u00edpad\u011b se v\u011bt\u0161inou jedn\u00e1 o \u201evy\u0161\u0161\u00ed oble\u010den\u00ed\u201c jako je nap\u0159\u00edklad firemn\u00ed sako, jin\u00fd p\u00e1sek ke kalhot\u00e1m \u010di jinak zdobenou ko\u0161ili. Pokud se V\u00e1m oble\u010den\u00ed po\u0161kod\u00ed no\u0161en\u00edm anebo p\u0159i pran\u00ed v pra\u010dce n\u011bjak jinak po\u0161kod\u00ed, tak je mo\u017enost o za\u017e\u00e1d\u00e1n\u00ed si dal\u0161\u00edch kousk\u016f. Dal\u0161\u00ed variantou je nap\u0159\u00edklad i, \u017ee naberete na hmotnosti anebo naopak se v\u00e1ha velmi sn\u00ed\u017e\u00ed a oble\u010den\u00ed V\u00e1m opravdu viditeln\u011b nen\u00ed. V\u017edy po\u017e\u00e1dejte sv\u00e9ho zam\u011bstnavatele, aby V\u00e1m oble\u010den\u00ed co nejrychleji objednal.  Nejhor\u0161\u00ed kombinac\u00ed v oble\u010den\u00ed jsou takov\u00e9, kdy\u017e je firma nap\u0159\u00edklad r\u016f\u017eov\u00e1, tak\u017ee si zvol\u00ed r\u016f\u017eovou ko\u0161ili a klasick\u00e9 kalhoty. Do tohoto oble\u010den\u00ed nacpou obra o velikosti dvou metr\u016f a vahou 180 kg a m\u00e1 nab\u00edzet n\u011bjak\u00fd produkt. Ano, je skv\u011bl\u00e9, \u017ee p\u00e1na nikdo jen tak nep\u0159ehl\u00e9dne, ale d\u00edky tomuto zbarven\u00ed l\u00e1tky ko\u0161ile, kter\u00e1 mu sed\u011bt opravdu nebude ub\u00edr\u00e1 takov\u00e9 oble\u010den\u00ed na seri\u00f3znosti mu\u017ee. Bohu\u017eel oble\u010den\u00ed, kter\u00e9 m\u00e1 reprezentovat firmu se \u010dasto st\u00e1v\u00e1 bodem \u00farazu. Oble\u010den\u00ed mus\u00ed opravdu sed\u011bt a pokud n\u011bco vypad\u00e1 na \u010dlov\u011bku jako vosa na bonbonu, tak by se m\u011bl nad\u0159\u00edzen\u00fd s\u00e1m ozvat a n\u011bjak upravit vzhled sv\u00e9ho zam\u011bstnance. Bude se tak zam\u011bstnanec c\u00edtit l\u00e9pe s\u00e1m a ostatn\u00ed zam\u011bstnanci tak\u00e9.                                                                                                                                                                                                                                                                                                                                                                                          3.7\/5 - (4 votes)        "},{"@context":"https:\/\/schema.org\/","@type":"BreadcrumbList","itemListElement":[{"@type":"ListItem","position":1,"name":"Pracovn\u00ed outfit","item":"https:\/\/www.spira.cz\/pracovni-outfit\/#breadcrumbitem"}]}]