[{"@context":"https:\/\/schema.org\/","@type":"Article","@id":"https:\/\/www.spira.cz\/podtrhnete-krasu-a-styl-sve-dcerky\/#Article","mainEntityOfPage":"https:\/\/www.spira.cz\/podtrhnete-krasu-a-styl-sve-dcerky\/","headline":"Podtrhn\u011bte kr\u00e1su a styl sv\u00e9 dcerky","name":"Podtrhn\u011bte kr\u00e1su a styl sv\u00e9 dcerky","description":"Zlat\u00e9 n\u00e1u\u0161nice jsou v\u011bci, kter\u00e9 nikdy nevyjdou z m\u00f3dy. Na rozd\u00edl od r\u016fzn\u00fdch m\u00f3dn\u00edch trend\u016f jako jsou br\u00fdle, kabelky \u010di d\u017e\u00edny. \u0160perky \u010dasto dost\u00e1vaj\u00ed hol\u010di\u010dky hned po narozen\u00ed, proto\u017ee jsou vhodn\u00fdm d\u00e1rkem a\u0165 u\u017e k samotn\u00e9mu narozen\u00ed, k\u0159tu nebo jako trval\u00e1 p\u0159ipom\u00ednka jedn\u00e9 z prvn\u00edch oslav mal\u00e9 sle\u010dny. Zlat\u00e9 \u0161perky se proto st\u00e1le nos\u00ed bez [&hellip;]","datePublished":"2024-11-25","dateModified":"2024-11-25","author":{"@type":"Person","@id":"https:\/\/www.spira.cz\/author\/#Person","name":"","url":"https:\/\/www.spira.cz\/author\/","identifier":1,"image":{"@type":"ImageObject","@id":"https:\/\/secure.gravatar.com\/avatar\/d2f205e1507a0401c7d467d32c87ccece0f63a45b81075bb691dbe8d4c823787?s=96&d=mm&r=g","url":"https:\/\/secure.gravatar.com\/avatar\/d2f205e1507a0401c7d467d32c87ccece0f63a45b81075bb691dbe8d4c823787?s=96&d=mm&r=g","height":96,"width":96}},"publisher":{"@type":"Organization","name":"spira.cz","logo":{"@type":"ImageObject","@id":"\/logo.png","url":"\/logo.png","width":600,"height":60}},"url":"https:\/\/www.spira.cz\/podtrhnete-krasu-a-styl-sve-dcerky\/","wordCount":179,"articleBody":"Zlat\u00e9 n\u00e1u\u0161nice jsou v\u011bci, kter\u00e9 nikdy nevyjdou z m\u00f3dy. Na rozd\u00edl od r\u016fzn\u00fdch m\u00f3dn\u00edch trend\u016f jako jsou br\u00fdle, kabelky \u010di d\u017e\u00edny. \u0160perky \u010dasto dost\u00e1vaj\u00ed hol\u010di\u010dky hned po narozen\u00ed, proto\u017ee jsou vhodn\u00fdm d\u00e1rkem a\u0165 u\u017e k samotn\u00e9mu narozen\u00ed, k\u0159tu nebo jako trval\u00e1 p\u0159ipom\u00ednka jedn\u00e9 z prvn\u00edch oslav mal\u00e9 sle\u010dny. Zlat\u00e9 \u0161perky se proto st\u00e1le nos\u00ed bez ohledu na m\u00f3du \u010di v\u011bk.Origin\u00e1ln\u00ed vzory, \u0161pi\u010dkov\u00e1 kvalita \u010desk\u00e9ho v\u00fdrobceZlato je v dne\u0161n\u00ed dob\u011b st\u00e1le popul\u00e1rn\u00ed a proto v\u00e1m nab\u00edz\u00edme d\u011btsk\u00e9 n\u00e1u\u0161nice Cutie Jewellery. Na v\u00fdb\u011br zde m\u00e1me \u0161irokou \u0161k\u00e1lu tvar\u016f a velikost\u00ed. \u017dlut\u00e9 i b\u00edl\u00e9 zlato. V nab\u00eddce najdete jeden\u00e1ct barevn\u00fdch kam\u00ednk\u016f a je u\u017e jen na v\u00e1s, kter\u00fd vyberete pro va\u0161i princeznu. Ke ka\u017ed\u00e9mu \u0161perku, kter\u00fd u n\u00e1s zakoup\u00edte, dostanete designovou krabi\u010dku zdarma.                                                                                                                                                                                                                                                                                                                                                                                        4.6\/5 - (5 votes)        "},{"@context":"https:\/\/schema.org\/","@type":"BreadcrumbList","itemListElement":[{"@type":"ListItem","position":1,"name":"Podtrhn\u011bte kr\u00e1su a styl sv\u00e9 dcerky","item":"https:\/\/www.spira.cz\/podtrhnete-krasu-a-styl-sve-dcerky\/#breadcrumbitem"}]}]