[{"@context":"https:\/\/schema.org\/","@type":"Article","@id":"https:\/\/www.spira.cz\/pod-polstarem\/#Article","mainEntityOfPage":"https:\/\/www.spira.cz\/pod-polstarem\/","headline":"Pod pol\u0161t\u00e1\u0159em","name":"Pod pol\u0161t\u00e1\u0159em","description":"Nejeden z n\u00e1s to m\u016f\u017ee zn\u00e1t z vlastn\u00ed zku\u0161enosti. V pr\u00e1ci toho m\u00e1me hodn\u011b, hodn\u011b starost\u00ed, mnoho \u00fakol\u016f, kter\u00e9 se n\u00e1m sypou na hlavu a v\u0161echno to p\u0159ed sebou t\u00e1hneme. Potom p\u0159ijdeme dom\u016f a \u010dek\u00e1 n\u00e1s je\u0161t\u011b starost o dom\u00e1cnost, o p\u0159\u00edpravu j\u00eddla pro rodinu, starost o \u00faklid a ve\u010der padneme jako \u0161palci do postele [&hellip;]","datePublished":"2022-06-27","dateModified":"2023-05-02","author":{"@type":"Person","@id":"https:\/\/www.spira.cz\/author\/#Person","name":"","url":"https:\/\/www.spira.cz\/author\/","identifier":1,"image":{"@type":"ImageObject","@id":"https:\/\/secure.gravatar.com\/avatar\/d2f205e1507a0401c7d467d32c87ccece0f63a45b81075bb691dbe8d4c823787?s=96&d=mm&r=g","url":"https:\/\/secure.gravatar.com\/avatar\/d2f205e1507a0401c7d467d32c87ccece0f63a45b81075bb691dbe8d4c823787?s=96&d=mm&r=g","height":96,"width":96}},"publisher":{"@type":"Organization","name":"spira.cz","logo":{"@type":"ImageObject","@id":"\/logo.png","url":"\/logo.png","width":600,"height":60}},"image":{"@type":"ImageObject","@id":"https:\/\/www.spira.cz\/wp-content\/uploads\/svatek_levandule_vyPiCq.jpg","url":"https:\/\/www.spira.cz\/wp-content\/uploads\/svatek_levandule_vyPiCq.jpg","height":0,"width":0},"url":"https:\/\/www.spira.cz\/pod-polstarem\/","about":["N\u00e1kupy"],"wordCount":458,"articleBody":"        Nejeden z n\u00e1s to m\u016f\u017ee zn\u00e1t z vlastn\u00ed zku\u0161enosti. V pr\u00e1ci toho m\u00e1me hodn\u011b, hodn\u011b starost\u00ed, mnoho \u00fakol\u016f, kter\u00e9 se n\u00e1m sypou na hlavu a v\u0161echno to p\u0159ed sebou t\u00e1hneme. Potom p\u0159ijdeme dom\u016f a \u010dek\u00e1 n\u00e1s je\u0161t\u011b starost o dom\u00e1cnost, o p\u0159\u00edpravu j\u00eddla pro rodinu, starost o \u00faklid a ve\u010der padneme jako \u0161palci do postele a chce se n\u00e1m stra\u0161n\u011b sp\u00e1t, ale jak se n\u00e1m to v\u0161echno hon\u00ed hlavou, prost\u011b a jednodu\u0161e nedok\u00e1\u017eeme po\u0159\u00e1dn\u011b zabrat a za\u010d\u00edn\u00e1me s p\u0159ib\u00fdvaj\u00edc\u00edmi l\u00e9ty trp\u011bt nespavost\u00ed. \u0158ada z n\u00e1s ale na tento probl\u00e9m nechce pou\u017e\u00edt \u017e\u00e1dn\u00e9 medikamenty, to je p\u0159ece jasn\u00e9. Mohli bychom si na n\u011b navyknout a co potom.   Uklid\u0148uj\u00ed \u00fa\u010dinky A proto p\u0159ich\u00e1z\u00edme s tipem, kter\u00fd v\u00e1m m\u016f\u017ee t\u0159eba i dlouhodob\u011b s nespavost\u00ed pomoci. Vyp\u011bstujte si levanduli, usu\u0161te ji a dejte si ji do l\u00e1tkov\u00fdch pytl\u00ed\u010dk\u016f a um\u00edst\u011bte pod pol\u0161t\u00e1\u0159. \u0158\u00edk\u00e1te si, \u017ee na tyto babsk\u00e9 rady nejste, a nejste zrovna jejich p\u0159\u00edznivci? Posly\u0161te, pokud jste zat\u00edm nic nevyzkou\u0161eli, tak to zkuste, v\u017edy\u0165 to p\u0159ece skoro nic nebude st\u00e1t. A pokud nechcete si rovnou cp\u00e1t pod pol\u0161t\u00e1\u0159 tuto vychyt\u00e1vku, obklopte se nap\u0159\u00edklad levandulov\u00fdmi sv\u00ed\u010dkami a \u010dichejte t\u0159eba v lo\u017enici jejich n\u00e1dhernou v\u016fni.  Tato fialov\u00e1 sv\u00ed\u010dka nav\u00edc m\u016f\u017ee zastat i roli hezk\u00e9ho bytov\u00e9ho dopl\u0148ku a m\u00e1te hned dvoj\u00ed vyu\u017eit\u00ed. Nebo dokonce (to uv\u00edt\u00e1 nejeden z n\u00e1s) m\u016f\u017ee zastat roli vhodn\u00e9ho d\u00e1rku, pokud t\u0159eba oslavence je\u0161t\u011b tak dob\u0159e nezn\u00e1te a jedn\u00e1 se tedy o \u017eenu. Anebo to m\u016f\u017ee b\u00fdt vhodn\u00fdm d\u00e1rkem pro pan\u00ed u\u010ditelky va\u0161ich d\u011bt\u00ed, kter\u00e9 necht\u011bj\u00ed p\u0159in\u00e9st jenom kyti\u010dku, ale i n\u011bjakou milou drobnost k tomu. V p\u0159\u00edpad\u011b, \u017ee se zrovna bl\u00ed\u017e\u00ed vysv\u011bd\u010den\u00ed, bude v\u00e1m vytrhnut trn z paty. Nebo m\u00e1te str\u00fd\u010dka pro p\u0159\u00ed\u0161t\u00ed rok, a\u017e \u010derven dos\u00e1hne sv\u00e9ho konce a pr\u00e1zdniny budou na spadnut\u00ed, vy u\u017e od nyn\u011bj\u0161ka budete v\u011bd\u011bt, nebo si u\u017e m\u016f\u017eete dokonce koupit tyto mil\u00e9 p\u0159edm\u011bty do z\u00e1soby, a\u0165 m\u00e1te n\u011bjak\u00e9 d\u00e1re\u010dky p\u0159ichystan\u00e9, kdyby se n\u00e1hodou stalo, \u017ee na n\u011bkoho zapomenete, budete m\u00edt kam s\u00e1hnout. A to se ur\u010dit\u011b nejednou vyplat\u00ed, mluv\u00edm z vlastn\u00ed zku\u0161enosti.                                                                                                                                                                                                                                                                                                                                                                                          4.1\/5 - (17 votes)        "},{"@context":"https:\/\/schema.org\/","@type":"BreadcrumbList","itemListElement":[{"@type":"ListItem","position":1,"name":"Pod pol\u0161t\u00e1\u0159em","item":"https:\/\/www.spira.cz\/pod-polstarem\/#breadcrumbitem"}]}]