[{"@context":"https:\/\/schema.org\/","@type":"Blog","@id":"https:\/\/www.spira.cz#Blog","headline":"Spira","description":"\nZa trochu l\u00e1sky nemus\u00edte j\u00edt slovy klasika sv\u011bta kraj, a u\u017e v\u016fbec nemus\u00edte j\u00edt s hlavou odkrytou a bos\u00ed. R\u00e1di v\u00e1s toti\u017e m\u00e1me i zde na na\u0161\u00ed internetov\u00e9 str\u00e1nce.","url":"https:\/\/www.spira.cz","hasPart":[{"@type":"Article","@id":"https:\/\/www.spira.cz\/poklad-z-prirody\/","headline":"Poklad z p\u0159\u00edrody","url":"https:\/\/www.spira.cz\/poklad-z-prirody\/","datePublished":"2025-06-16","dateModified":"2025-06-16","mainEntityOfPage":"https:\/\/www.spira.cz\/poklad-z-prirody\/","author":{"@type":"Person","@id":"https:\/\/www.spira.cz\/author\/#Person","name":"","url":"https:\/\/www.spira.cz\/author\/","identifier":1,"image":{"@type":"ImageObject","@id":"https:\/\/secure.gravatar.com\/avatar\/d2f205e1507a0401c7d467d32c87ccece0f63a45b81075bb691dbe8d4c823787?s=96&d=mm&r=g","url":"https:\/\/secure.gravatar.com\/avatar\/d2f205e1507a0401c7d467d32c87ccece0f63a45b81075bb691dbe8d4c823787?s=96&d=mm&r=g","height":96,"width":96}},"publisher":{"@type":"Organization","name":"spira.cz","logo":{"@type":"ImageObject","@id":"\/logo.png","url":"\/logo.png","width":600,"height":60}},"image":{"@type":"ImageObject","@id":"https:\/\/www.spira.cz\/wp-content\/uploads\/tea-2776217_640_3.jpg","url":"https:\/\/www.spira.cz\/wp-content\/uploads\/tea-2776217_640_3.jpg","height":0,"width":0},"wordCount":600,"keywords":null},{"@type":"Article","@id":"https:\/\/www.spira.cz\/vybirame-matraci-pro-nasi-postel\/","headline":"Vyb\u00edr\u00e1me matraci pro na\u0161i postel","url":"https:\/\/www.spira.cz\/vybirame-matraci-pro-nasi-postel\/","datePublished":"2025-06-03","dateModified":"2025-06-03","mainEntityOfPage":"https:\/\/www.spira.cz\/vybirame-matraci-pro-nasi-postel\/","author":{"@type":"Person","@id":"https:\/\/www.spira.cz\/author\/#Person","name":"","url":"https:\/\/www.spira.cz\/author\/","identifier":1,"image":{"@type":"ImageObject","@id":"https:\/\/secure.gravatar.com\/avatar\/d2f205e1507a0401c7d467d32c87ccece0f63a45b81075bb691dbe8d4c823787?s=96&d=mm&r=g","url":"https:\/\/secure.gravatar.com\/avatar\/d2f205e1507a0401c7d467d32c87ccece0f63a45b81075bb691dbe8d4c823787?s=96&d=mm&r=g","height":96,"width":96}},"publisher":{"@type":"Organization","name":"spira.cz","logo":{"@type":"ImageObject","@id":"\/logo.png","url":"\/logo.png","width":600,"height":60}},"image":{"@type":"ImageObject","@id":"https:\/\/www.spira.cz\/wp-content\/uploads\/baby-7388054_640_3.jpg","url":"https:\/\/www.spira.cz\/wp-content\/uploads\/baby-7388054_640_3.jpg","height":0,"width":0},"wordCount":634,"keywords":null},{"@type":"Article","@id":"https:\/\/www.spira.cz\/do-obchodu-nebo-domu\/","headline":"Do obchodu nebo dom\u016f?","url":"https:\/\/www.spira.cz\/do-obchodu-nebo-domu\/","datePublished":"2025-04-27","dateModified":"2025-04-27","mainEntityOfPage":"https:\/\/www.spira.cz\/do-obchodu-nebo-domu\/","author":{"@type":"Person","@id":"https:\/\/www.spira.cz\/author\/#Person","name":"","url":"https:\/\/www.spira.cz\/author\/","identifier":1,"image":{"@type":"ImageObject","@id":"https:\/\/secure.gravatar.com\/avatar\/d2f205e1507a0401c7d467d32c87ccece0f63a45b81075bb691dbe8d4c823787?s=96&d=mm&r=g","url":"https:\/\/secure.gravatar.com\/avatar\/d2f205e1507a0401c7d467d32c87ccece0f63a45b81075bb691dbe8d4c823787?s=96&d=mm&r=g","height":96,"width":96}},"publisher":{"@type":"Organization","name":"spira.cz","logo":{"@type":"ImageObject","@id":"\/logo.png","url":"\/logo.png","width":600,"height":60}},"image":null,"wordCount":230,"keywords":null},{"@type":"Article","@id":"https:\/\/www.spira.cz\/sperkovnice\/","headline":"\u0160perkovnice","url":"https:\/\/www.spira.cz\/sperkovnice\/","datePublished":"2025-04-20","dateModified":"2025-04-20","mainEntityOfPage":"https:\/\/www.spira.cz\/sperkovnice\/","author":{"@type":"Person","@id":"https:\/\/www.spira.cz\/author\/#Person","name":"","url":"https:\/\/www.spira.cz\/author\/","identifier":1,"image":{"@type":"ImageObject","@id":"https:\/\/secure.gravatar.com\/avatar\/d2f205e1507a0401c7d467d32c87ccece0f63a45b81075bb691dbe8d4c823787?s=96&d=mm&r=g","url":"https:\/\/secure.gravatar.com\/avatar\/d2f205e1507a0401c7d467d32c87ccece0f63a45b81075bb691dbe8d4c823787?s=96&d=mm&r=g","height":96,"width":96}},"publisher":{"@type":"Organization","name":"spira.cz","logo":{"@type":"ImageObject","@id":"\/logo.png","url":"\/logo.png","width":600,"height":60}},"image":null,"wordCount":207,"keywords":null},{"@type":"Article","@id":"https:\/\/www.spira.cz\/vic-nez-obycejna-pece\/","headline":"V\u00edc ne\u017e oby\u010dejn\u00e1 p\u00e9\u010de","url":"https:\/\/www.spira.cz\/vic-nez-obycejna-pece\/","datePublished":"2025-04-15","dateModified":"2025-04-15","mainEntityOfPage":"https:\/\/www.spira.cz\/vic-nez-obycejna-pece\/","author":{"@type":"Person","@id":"https:\/\/www.spira.cz\/author\/#Person","name":"","url":"https:\/\/www.spira.cz\/author\/","identifier":1,"image":{"@type":"ImageObject","@id":"https:\/\/secure.gravatar.com\/avatar\/d2f205e1507a0401c7d467d32c87ccece0f63a45b81075bb691dbe8d4c823787?s=96&d=mm&r=g","url":"https:\/\/secure.gravatar.com\/avatar\/d2f205e1507a0401c7d467d32c87ccece0f63a45b81075bb691dbe8d4c823787?s=96&d=mm&r=g","height":96,"width":96}},"publisher":{"@type":"Organization","name":"spira.cz","logo":{"@type":"ImageObject","@id":"\/logo.png","url":"\/logo.png","width":600,"height":60}},"image":null,"wordCount":238,"keywords":null},{"@type":"Article","@id":"https:\/\/www.spira.cz\/musi-mit-stanovy-svj-notarsky-zapis\/","headline":"Mus\u00ed m\u00edt stanovy SVJ not\u00e1\u0159sk\u00fd z\u00e1pis?","url":"https:\/\/www.spira.cz\/musi-mit-stanovy-svj-notarsky-zapis\/","datePublished":"2025-04-12","dateModified":"2025-04-12","mainEntityOfPage":"https:\/\/www.spira.cz\/musi-mit-stanovy-svj-notarsky-zapis\/","author":{"@type":"Person","@id":"https:\/\/www.spira.cz\/author\/#Person","name":"","url":"https:\/\/www.spira.cz\/author\/","identifier":1,"image":{"@type":"ImageObject","@id":"https:\/\/secure.gravatar.com\/avatar\/d2f205e1507a0401c7d467d32c87ccece0f63a45b81075bb691dbe8d4c823787?s=96&d=mm&r=g","url":"https:\/\/secure.gravatar.com\/avatar\/d2f205e1507a0401c7d467d32c87ccece0f63a45b81075bb691dbe8d4c823787?s=96&d=mm&r=g","height":96,"width":96}},"publisher":{"@type":"Organization","name":"spira.cz","logo":{"@type":"ImageObject","@id":"\/logo.png","url":"\/logo.png","width":600,"height":60}},"image":{"@type":"ImageObject","@id":"https:\/\/www.spira.cz\/wp-content\/uploads\/panelak2_10_10_8.jpg","url":"https:\/\/www.spira.cz\/wp-content\/uploads\/panelak2_10_10_8.jpg","height":0,"width":0},"wordCount":591,"keywords":null},{"@type":"Article","@id":"https:\/\/www.spira.cz\/proc-se-musi-povinne-revidovat-elektroinstalace-ve-firmach\/","headline":"Pro\u010d se mus\u00ed povinn\u011b revidovat elektroinstalace ve firm\u00e1ch","url":"https:\/\/www.spira.cz\/proc-se-musi-povinne-revidovat-elektroinstalace-ve-firmach\/","datePublished":"2025-04-07","dateModified":"2025-04-07","mainEntityOfPage":"https:\/\/www.spira.cz\/proc-se-musi-povinne-revidovat-elektroinstalace-ve-firmach\/","author":{"@type":"Person","@id":"https:\/\/www.spira.cz\/author\/#Person","name":"","url":"https:\/\/www.spira.cz\/author\/","identifier":1,"image":{"@type":"ImageObject","@id":"https:\/\/secure.gravatar.com\/avatar\/d2f205e1507a0401c7d467d32c87ccece0f63a45b81075bb691dbe8d4c823787?s=96&d=mm&r=g","url":"https:\/\/secure.gravatar.com\/avatar\/d2f205e1507a0401c7d467d32c87ccece0f63a45b81075bb691dbe8d4c823787?s=96&d=mm&r=g","height":96,"width":96}},"publisher":{"@type":"Organization","name":"spira.cz","logo":{"@type":"ImageObject","@id":"\/logo.png","url":"\/logo.png","width":600,"height":60}},"image":{"@type":"ImageObject","@id":"https:\/\/www.spira.cz\/wp-content\/uploads\/electrician-3087535_640_5.jpg","url":"https:\/\/www.spira.cz\/wp-content\/uploads\/electrician-3087535_640_5.jpg","height":0,"width":0},"wordCount":587,"keywords":null},{"@type":"Article","@id":"https:\/\/www.spira.cz\/mikiny-pro-kazdou-slecnu\/","headline":"Mikiny pro ka\u017edou sle\u010dnu","url":"https:\/\/www.spira.cz\/mikiny-pro-kazdou-slecnu\/","datePublished":"2025-04-06","dateModified":"2025-04-06","mainEntityOfPage":"https:\/\/www.spira.cz\/mikiny-pro-kazdou-slecnu\/","author":{"@type":"Person","@id":"https:\/\/www.spira.cz\/author\/#Person","name":"","url":"https:\/\/www.spira.cz\/author\/","identifier":1,"image":{"@type":"ImageObject","@id":"https:\/\/secure.gravatar.com\/avatar\/d2f205e1507a0401c7d467d32c87ccece0f63a45b81075bb691dbe8d4c823787?s=96&d=mm&r=g","url":"https:\/\/secure.gravatar.com\/avatar\/d2f205e1507a0401c7d467d32c87ccece0f63a45b81075bb691dbe8d4c823787?s=96&d=mm&r=g","height":96,"width":96}},"publisher":{"@type":"Organization","name":"spira.cz","logo":{"@type":"ImageObject","@id":"\/logo.png","url":"\/logo.png","width":600,"height":60}},"image":null,"wordCount":213,"keywords":null},{"@type":"Article","@id":"https:\/\/www.spira.cz\/krevni-tlak-priznive-ovlivnuje-zeleny-caj\/","headline":"Krevn\u00ed tlak p\u0159\u00edzniv\u011b ovliv\u0148uje zelen\u00fd \u010daj","url":"https:\/\/www.spira.cz\/krevni-tlak-priznive-ovlivnuje-zeleny-caj\/","datePublished":"2025-03-29","dateModified":"2025-03-29","mainEntityOfPage":"https:\/\/www.spira.cz\/krevni-tlak-priznive-ovlivnuje-zeleny-caj\/","author":{"@type":"Person","@id":"https:\/\/www.spira.cz\/author\/#Person","name":"","url":"https:\/\/www.spira.cz\/author\/","identifier":1,"image":{"@type":"ImageObject","@id":"https:\/\/secure.gravatar.com\/avatar\/d2f205e1507a0401c7d467d32c87ccece0f63a45b81075bb691dbe8d4c823787?s=96&d=mm&r=g","url":"https:\/\/secure.gravatar.com\/avatar\/d2f205e1507a0401c7d467d32c87ccece0f63a45b81075bb691dbe8d4c823787?s=96&d=mm&r=g","height":96,"width":96}},"publisher":{"@type":"Organization","name":"spira.cz","logo":{"@type":"ImageObject","@id":"\/logo.png","url":"\/logo.png","width":600,"height":60}},"image":null,"wordCount":248,"keywords":null},{"@type":"Article","@id":"https:\/\/www.spira.cz\/seznamka-na-kterou-se-muzete-spolehnout\/","headline":"Seznamka, na kterou se m\u016f\u017eete spolehnout","url":"https:\/\/www.spira.cz\/seznamka-na-kterou-se-muzete-spolehnout\/","datePublished":"2025-03-20","dateModified":"2025-03-20","mainEntityOfPage":"https:\/\/www.spira.cz\/seznamka-na-kterou-se-muzete-spolehnout\/","author":{"@type":"Person","@id":"https:\/\/www.spira.cz\/author\/#Person","name":"","url":"https:\/\/www.spira.cz\/author\/","identifier":1,"image":{"@type":"ImageObject","@id":"https:\/\/secure.gravatar.com\/avatar\/d2f205e1507a0401c7d467d32c87ccece0f63a45b81075bb691dbe8d4c823787?s=96&d=mm&r=g","url":"https:\/\/secure.gravatar.com\/avatar\/d2f205e1507a0401c7d467d32c87ccece0f63a45b81075bb691dbe8d4c823787?s=96&d=mm&r=g","height":96,"width":96}},"publisher":{"@type":"Organization","name":"spira.cz","logo":{"@type":"ImageObject","@id":"\/logo.png","url":"\/logo.png","width":600,"height":60}},"image":null,"wordCount":267,"keywords":null}]},{"@context":"https:\/\/schema.org","@type":"WebSite","@id":"https:\/\/www.spira.cz\/#website","name":"Spira","url":"https:\/\/www.spira.cz","potentialAction":{"@type":"SearchAction","target":"https:\/\/www.spira.cz\/?s={search_term_string}","query-input":"required name=search_term_string"}}]