[{"@context":"https:\/\/schema.org\/","@type":"Article","@id":"https:\/\/www.spira.cz\/krava-neboli-tur-domaci\/#Article","mainEntityOfPage":"https:\/\/www.spira.cz\/krava-neboli-tur-domaci\/","headline":"Kr\u00e1va neboli tur dom\u00e1c\u00ed","name":"Kr\u00e1va neboli tur dom\u00e1c\u00ed","description":"Kr\u00e1va pat\u0159\u00ed mezi savce. Je chovan\u00e1 po cel\u00e9m sv\u011bt\u011b. Ve v\u011bt\u0161in\u011b p\u0159\u00edpad\u016f je to v r\u00e1mci mnohostrann\u00e9ho vyu\u017eit\u00ed. Kdy\u017e tak pohl\u00ed\u017e\u00edte na kr\u00e1vu, vyvstane asi ka\u017ed\u00e9mu p\u0159edstava, \u017ee se jedn\u00e1 o zv\u00ed\u0159e, kter\u00e9 se o nic nezaj\u00edm\u00e1. Av\u0161ak kr\u00e1va je velmi chytr\u00fdm savcem a ukr\u00fdv\u00e1 v sob\u011b pro v\u011bt\u0161inu asi mnohem v\u00edce, ne\u017e by koho [&hellip;]","datePublished":"2025-02-28","dateModified":"2023-05-02","author":{"@type":"Person","@id":"https:\/\/www.spira.cz\/author\/#Person","name":"","url":"https:\/\/www.spira.cz\/author\/","identifier":1,"image":{"@type":"ImageObject","@id":"https:\/\/secure.gravatar.com\/avatar\/d2f205e1507a0401c7d467d32c87ccece0f63a45b81075bb691dbe8d4c823787?s=96&d=mm&r=g","url":"https:\/\/secure.gravatar.com\/avatar\/d2f205e1507a0401c7d467d32c87ccece0f63a45b81075bb691dbe8d4c823787?s=96&d=mm&r=g","height":96,"width":96}},"publisher":{"@type":"Organization","name":"spira.cz","logo":{"@type":"ImageObject","@id":"\/logo.png","url":"\/logo.png","width":600,"height":60}},"image":{"@type":"ImageObject","@id":"https:\/\/www.spira.cz\/wp-content\/uploads\/img_a305564_w1765_t1517057642.jpg","url":"https:\/\/www.spira.cz\/wp-content\/uploads\/img_a305564_w1765_t1517057642.jpg","height":0,"width":0},"url":"https:\/\/www.spira.cz\/krava-neboli-tur-domaci\/","wordCount":579,"articleBody":"  Kr\u00e1va pat\u0159\u00ed mezi savce. Je chovan\u00e1 po cel\u00e9m sv\u011bt\u011b. Ve v\u011bt\u0161in\u011b p\u0159\u00edpad\u016f je to v r\u00e1mci mnohostrann\u00e9ho vyu\u017eit\u00ed. Kdy\u017e tak pohl\u00ed\u017e\u00edte na kr\u00e1vu, vyvstane asi ka\u017ed\u00e9mu p\u0159edstava, \u017ee se jedn\u00e1 o zv\u00ed\u0159e, kter\u00e9 se o nic nezaj\u00edm\u00e1. Av\u0161ak kr\u00e1va je velmi chytr\u00fdm savcem a ukr\u00fdv\u00e1 v sob\u011b pro v\u011bt\u0161inu asi mnohem v\u00edce, ne\u017e by koho napadlo.   Kr\u00e1va \u017eij\u00edc\u00ed v p\u0159irozen\u00fdch podm\u00ednk\u00e1ch   Pokud jde o p\u0159irozenou situaci, \u017eij\u00ed kr\u00e1vy v men\u0161\u00edch st\u00e1dech. P\u0159ibli\u017en\u011b okolo dvaceti krav. Nezn\u00e1m\u00fd jedinec se k takov\u00e9mu st\u00e1du p\u0159idru\u017e\u00ed jen v\u00fdjime\u010dn\u011b. Dalo by se \u0159\u00edci, \u017ee v takto mal\u00e9m st\u00e1du se zv\u00ed\u0159ata v\u00edce sbl\u00ed\u017e\u00ed, dob\u0159e se znaj\u00ed a vz\u00e1jemn\u011b se od sebe i u\u010d\u00ed.    Kr\u00e1vy se v\u0161ak od sebe li\u0161\u00ed nejen vzhledov\u011b, ale i povahov\u011b jsou rozd\u00edln\u00e9. I kdy\u017e se jedn\u00e1 o velmi inteligentn\u00ed zv\u00ed\u0159e, tak n\u011bkter\u00e9 se u\u010d\u00ed rychleji a naopak jin\u00e9 prost\u011b trochu pomaleji. Stejn\u011b tak n\u011bkte\u0159\u00ed jedinci jsou hou\u017eevnat\u00ed a podnikav\u00ed tvorov\u00e9, jin\u00ed zase pasivn\u011bj\u0161\u00ed. V\u016fdce st\u00e1da nen\u00ed vybr\u00e1n dle s\u00edly ani velikosti, ale podle inteligence a odvahy.   O kr\u00e1v\u00e1ch je zn\u00e1mo, \u017ee je pro n\u011b d\u016fle\u017eit\u00e9 budov\u00e1n\u00ed spole\u010densk\u00fdch vztah\u016f. Ano! Dokonce u krav vznik\u00e1 p\u0159\u00e1telstv\u00ed po celou dobu, kter\u00e9 po\u010d\u00edn\u00e1 a vyv\u00edj\u00ed se u\u017e v ml\u00e1d\u00ed. U\u017e mal\u00e1 telata se p\u0159i rozkouk\u00e1v\u00e1n\u00ed a pohledu na sv\u011bt poohl\u00ed\u017e\u00ed po ostatn\u00edch jedinc\u00edch. Ve st\u00e1du mezi sv\u00fdmi jedinci kr\u00e1vy l\u00e9pe sn\u00e1\u0161ej\u00ed jak\u00e9koliv nep\u0159\u00edjemn\u00e9 podn\u011bty. Z\u00e1rove\u0148 jsou i velmi vn\u00edmav\u00ed tvorov\u00e9 a vyc\u00edt\u00ed emoce ostatn\u00edch zv\u00ed\u0159at ve st\u00e1du.   Co se t\u00fd\u010de ml\u00e1d\u011bte, tj. tele se ji\u017e ve v\u011bku dvou t\u00fddn\u016f intenzivn\u011b seznamuje se v\u0161emi \u010dleny i vrstevn\u00edky a krom\u011b hran\u00ed si, se u\u010d\u00ed p\u00e1st, vyh\u00fdbat se i jedovat\u00fdm rostlin\u00e1m. Telata udr\u017euj\u00ed vztah se svou matkou cel\u00fd \u017eivot, co jim je umo\u017en\u011bno. Telata nicm\u00e9n\u011b saj\u00ed ml\u00e9ko zhruba do osmi m\u011bs\u00edc\u016f. Pak u\u017e \u010dek\u00e1 pastva a potrava i tam. U\u017e ve \u0161kole se u\u010d\u00ed d\u011bti ohledn\u011b slo\u017een\u00ed \u017ealudku krav , kter\u00fd je rozhodn\u011b zaj\u00edmav\u00fd.   Kr\u00e1va vy\u017eaduje a zaslou\u017e\u00ed si adekv\u00e1tn\u00ed p\u0159\u00edstup   Jedn\u00e1 se o zv\u00ed\u0159e. Je spole\u010densk\u00fdm tvorem. Proto nen\u00ed divu, \u017ee i kr\u00e1va m\u00e1 r\u00e1da drb\u00e1n\u00ed a to po cel\u00e9m t\u011ble. Jestli\u017ee je t\u0159eba zv\u00ed\u0159e uklidnit, je ide\u00e1ln\u00ed drb\u00e1n\u00ed pod krkem nebo za rohy i mezi u\u0161ima. Na zv\u00ed\u0159e je t\u0159eba mluvit. Kr\u00e1va naslouch\u00e1. Je dobr\u00e9 se v\u0161ak vyvarovat vysok\u00fdch t\u00f3n\u016f, nadm\u011brn\u00e9 hlasitosti \u010di k\u0159iku. Pokud hovo\u0159\u00edte polohlasem a klidn\u00fdm t\u00f3nem, kr\u00e1va vn\u00edm\u00e1. I kdy\u017e se jedn\u00e1 o velmi chytr\u00e9ho savce, je t\u0159eba m\u00edt trp\u011blivost. U krav plat\u00ed i zn\u00e1m\u00e9 r\u010den\u00ed, \u017ee opakov\u00e1n\u00ed je matkou moudrosti. Kr\u00e1va je zv\u00ed\u0159e, kter\u00e9 se u\u010d\u00ed, ale pot\u0159ebuje \u010das a va\u0161i maxim\u00e1ln\u00ed trp\u011blivost. Tento savec se do\u017e\u00edv\u00e1 pr\u016fm\u011brn\u011b okolo dvaceti let.                                                                                                                                                                                                                                                                                                                                                                                          4\/5 - (9 votes)        "},{"@context":"https:\/\/schema.org\/","@type":"BreadcrumbList","itemListElement":[{"@type":"ListItem","position":1,"name":"Kr\u00e1va neboli tur dom\u00e1c\u00ed","item":"https:\/\/www.spira.cz\/krava-neboli-tur-domaci\/#breadcrumbitem"}]}]