[{"@context":"https:\/\/schema.org\/","@type":"Article","@id":"https:\/\/www.spira.cz\/kolagen-s-vitaminem-c-jako-zaklad-krasne-pleti\/#Article","mainEntityOfPage":"https:\/\/www.spira.cz\/kolagen-s-vitaminem-c-jako-zaklad-krasne-pleti\/","headline":"Kolagen s vitam\u00ednem C jako z\u00e1klad kr\u00e1sn\u00e9 pleti","name":"Kolagen s vitam\u00ednem C jako z\u00e1klad kr\u00e1sn\u00e9 pleti","description":"M\u00edt kr\u00e1snou, zdravou a pevnou ple\u0165 i po oslaven\u00ed p\u011btadvac\u00e1t\u00fdch narozenin, po tom tou\u017e\u00ed ka\u017ed\u00e1 \u017eena. N\u011bkter\u00e1 m\u00e1 \u0161t\u011bst\u00ed a ji\u017e se narod\u00ed s plet\u00ed porcel\u00e1nov\u00e9 panenky bez pup\u00ednk\u016f a vr\u00e1sek, n\u011bkter\u00e9 \u017eeny tr\u00e1p\u00ed ob\u010dasn\u00e9 probl\u00e9my a jin\u00e9 se svou plet\u00ed celo\u017eivotn\u011b bojuj\u00ed a sna\u017e\u00ed se naj\u00edt cokoliv, co by jej\u00ed vzhled zlep\u0161ilo. Probl\u00e9my s [&hellip;]","datePublished":"2022-07-08","dateModified":"2023-05-02","author":{"@type":"Person","@id":"https:\/\/www.spira.cz\/author\/#Person","name":"","url":"https:\/\/www.spira.cz\/author\/","identifier":1,"image":{"@type":"ImageObject","@id":"https:\/\/secure.gravatar.com\/avatar\/d2f205e1507a0401c7d467d32c87ccece0f63a45b81075bb691dbe8d4c823787?s=96&d=mm&r=g","url":"https:\/\/secure.gravatar.com\/avatar\/d2f205e1507a0401c7d467d32c87ccece0f63a45b81075bb691dbe8d4c823787?s=96&d=mm&r=g","height":96,"width":96}},"publisher":{"@type":"Organization","name":"spira.cz","logo":{"@type":"ImageObject","@id":"\/logo.png","url":"\/logo.png","width":600,"height":60}},"image":{"@type":"ImageObject","@id":"https:\/\/www.spira.cz\/wp-content\/uploads\/woman-ga80a98ce0_640.jpg","url":"https:\/\/www.spira.cz\/wp-content\/uploads\/woman-ga80a98ce0_640.jpg","height":0,"width":0},"url":"https:\/\/www.spira.cz\/kolagen-s-vitaminem-c-jako-zaklad-krasne-pleti\/","about":["N\u00e1kupy"],"wordCount":443,"articleBody":"   M\u00edt kr\u00e1snou, zdravou a pevnou ple\u0165 i po oslaven\u00ed p\u011btadvac\u00e1t\u00fdch narozenin, po tom tou\u017e\u00ed ka\u017ed\u00e1 \u017eena. N\u011bkter\u00e1 m\u00e1 \u0161t\u011bst\u00ed a ji\u017e se narod\u00ed s plet\u00ed porcel\u00e1nov\u00e9 panenky bez pup\u00ednk\u016f a vr\u00e1sek, n\u011bkter\u00e9 \u017eeny tr\u00e1p\u00ed ob\u010dasn\u00e9 probl\u00e9my a jin\u00e9 se svou plet\u00ed celo\u017eivotn\u011b bojuj\u00ed a sna\u017e\u00ed se naj\u00edt cokoliv, co by jej\u00ed vzhled zlep\u0161ilo. Probl\u00e9my s plet\u00ed pat\u0159\u00ed mezi velmi intimn\u00ed a z\u00e1sadn\u00ed vlivy na vn\u00edm\u00e1n\u00ed sebe sama (a nejen u \u017een) a v p\u0159\u00edpad\u011b dlouh\u00e9ho trv\u00e1n\u00ed mohou v\u00e9st a\u017e k depres\u00edm a odm\u00edt\u00e1n\u00ed sv\u00e9ho t\u011bla. N\u011bkdy s odchodem puberty miz\u00ed, n\u011bkomu v\u0161ak bohu\u017eel z\u016fst\u00e1vaj\u00ed i v dosp\u011blosti. Proto \u017eeny v\u011bnuj\u00ed nesm\u00edrn\u00e9 mno\u017estv\u00ed \u010dasu \u010dten\u00edm knih, r\u016fzn\u00fdch studi\u00ed, kupov\u00e1n\u00ed ple\u0165ov\u00fdch p\u0159\u00edpravk\u016f, dopl\u0148k\u016f stravy, zkou\u0161en\u00ed r\u016fzn\u00fdch diet, mas\u00e1\u017e\u00ed a kosmetick\u00fdch z\u00e1krok\u016f. U ka\u017ed\u00e9ho je p\u0159\u00ed\u010dina probl\u00e9m\u016f jin\u00e1, m\u016f\u017ee b\u00fdt psychick\u00e1, hormon\u00e1ln\u00ed, vlivem stravy \u010di okoln\u00edho prost\u0159ed\u00ed, proto tak\u00e9 zp\u016fsoby \u0159e\u0161en\u00ed u ka\u017ed\u00e9 pleti zafunguj\u00ed jinak. Dnes u\u017e ale pom\u011brn\u011b zn\u00e1m\u00fdm dopl\u0148kem s klinicky prok\u00e1zan\u00fdmi \u00fa\u010dinky je kolagen s vitam\u00ednem C. Ji\u017e samotn\u00fd kolagen je z\u00e1zra\u010dn\u00fdm pomocn\u00edkem pro dobr\u00e9 fungov\u00e1n\u00ed kloub\u016f, vzhled vlas\u016f a neht\u016f, p\u0159i boji s akn\u00e9, pro hladkou a napnutou ple\u0165 cel\u00e9ho t\u011bla i jako prost\u0159edek zlep\u0161en\u00ed celkov\u00e9 t\u011blesn\u00e9 energie. Funk\u010dnost kolagenu se ale n\u00e1sobn\u011b stup\u0148uje p\u0159i jeho kombinaci s vitam\u00ednem C, kter\u00fd je i v jin\u00fdch ohledech pro na\u0161e t\u011blo nepostradateln\u00fd a Vy tak m\u016f\u017eete zab\u00edt dv\u011b mouchy jednou ranou. Kolagen je k dost\u00e1n\u00ed ve form\u011b tablet (zde jeho pod\u00edl ale b\u00fdv\u00e1 kv\u016fli dal\u0161\u00edm p\u0159\u00edsad\u00e1m a po\u017eadavku na velikost tablety ni\u017e\u0161\u00ed), tekut\u00e9 podob\u011b i jako pr\u00e1\u0161ek pro p\u0159\u00edpravu n\u00e1poje. A\u0165 u\u017e si vyberete kteroukoliv z v\u00fd\u0161e zm\u00edn\u011bn\u00fdch variant, \u00fa\u010dinky t\u00e9to l\u00e1tky m\u016f\u017eete pozorovat ji\u017e po p\u00e1r dnech pou\u017e\u00edv\u00e1n\u00ed. Nav\u00edc jej m\u016f\u017eete bez obav pou\u017e\u00edvat dlouhodob\u011b jako dopln\u011bk sv\u00e9 b\u011b\u017en\u00e9 stravy, a kdy\u017e si jej zakoup\u00edte ve velk\u00fdch balen\u00edch, cena za kr\u00e1snou ple\u0165 i t\u011blo nebude nijak vysok\u00e1. P\u0159e\u010dt\u011bte si recenze, vyzkou\u0161ejte a uvid\u00edte. Kolagen V\u00e1s jist\u011b mile p\u0159ekvap\u00ed.                                                                                                                                                                                                                                                                                                                                                                                          3.7\/5 - (12 votes)        "},{"@context":"https:\/\/schema.org\/","@type":"BreadcrumbList","itemListElement":[{"@type":"ListItem","position":1,"name":"Kolagen s vitam\u00ednem C jako z\u00e1klad kr\u00e1sn\u00e9 pleti","item":"https:\/\/www.spira.cz\/kolagen-s-vitaminem-c-jako-zaklad-krasne-pleti\/#breadcrumbitem"}]}]