[{"@context":"https:\/\/schema.org\/","@type":"Article","@id":"https:\/\/www.spira.cz\/kdyz-mate-moc-male-auto\/#Article","mainEntityOfPage":"https:\/\/www.spira.cz\/kdyz-mate-moc-male-auto\/","headline":"Kdy\u017e m\u00e1te moc mal\u00e9 auto","name":"Kdy\u017e m\u00e1te moc mal\u00e9 auto","description":"I tomu, kdo si po cel\u00fd sv\u016fj dosavadn\u00ed \u017eivot vysta\u010dil se vcelku mal\u00fdm osobn\u00edm automobilem, jeho\u017e je majitelem, se m\u016f\u017ee jednoho dne p\u0159ihodit nemil\u00e1 p\u0159\u00edhoda, spo\u010d\u00edvaj\u00edc\u00ed v tom, \u017ee m\u00e1 odv\u00e9zt n\u011bco, co se mu do tohoto jeho vozidla zkr\u00e1tka za \u017e\u00e1dn\u00fdch okolnost\u00ed nevejde. V takov\u00e9 situaci je dob\u0159e, pokud to doty\u010dn\u00fd m\u016f\u017ee od\u0159\u00edci. Jednodu\u0161e [&hellip;]","datePublished":"2020-03-15","dateModified":"2023-12-05","author":{"@type":"Person","@id":"https:\/\/www.spira.cz\/author\/#Person","name":"","url":"https:\/\/www.spira.cz\/author\/","identifier":1,"image":{"@type":"ImageObject","@id":"https:\/\/secure.gravatar.com\/avatar\/d2f205e1507a0401c7d467d32c87ccece0f63a45b81075bb691dbe8d4c823787?s=96&d=mm&r=g","url":"https:\/\/secure.gravatar.com\/avatar\/d2f205e1507a0401c7d467d32c87ccece0f63a45b81075bb691dbe8d4c823787?s=96&d=mm&r=g","height":96,"width":96}},"publisher":{"@type":"Organization","name":"spira.cz","logo":{"@type":"ImageObject","@id":"\/logo.png","url":"\/logo.png","width":600,"height":60}},"image":{"@type":"ImageObject","@id":"https:\/\/www.spira.cz\/wp-content\/uploads\/nakreslen%C3%A1%20dod%C3%A1vka_2.png","url":"https:\/\/www.spira.cz\/wp-content\/uploads\/nakreslen%C3%A1%20dod%C3%A1vka_2.png","height":0,"width":0},"url":"https:\/\/www.spira.cz\/kdyz-mate-moc-male-auto\/","about":["Slu\u017eby"],"wordCount":445,"articleBody":"       I tomu, kdo si po cel\u00fd sv\u016fj dosavadn\u00ed \u017eivot vysta\u010dil se vcelku mal\u00fdm osobn\u00edm automobilem, jeho\u017e je majitelem, se m\u016f\u017ee jednoho dne p\u0159ihodit nemil\u00e1 p\u0159\u00edhoda, spo\u010d\u00edvaj\u00edc\u00ed v tom, \u017ee m\u00e1 odv\u00e9zt n\u011bco, co se mu do tohoto jeho vozidla zkr\u00e1tka za \u017e\u00e1dn\u00fdch okolnost\u00ed nevejde.V takov\u00e9 situaci je dob\u0159e, pokud to doty\u010dn\u00fd m\u016f\u017ee od\u0159\u00edci. Jednodu\u0161e ozn\u00e1mit, \u017ee toho nen\u00ed schopen a a\u0165 to tedy odveze n\u011bkdo jin\u00fd. Jen\u017ee ono to nejednou tak snadno vy\u0159\u00eddit nejde. N\u011bkdy to doty\u010dn\u00fd zkr\u00e1tka mus\u00ed dostat do c\u00edle a \u017e\u00e1dn\u00e9 v\u00fdmluvy nepomohou. Jen\u017ee co v takov\u00e9 situaci podniknout, \u017ee?Pokud se nad t\u00edm zamysl\u00edte, p\u0159ijdete nakonec na dv\u011b logick\u00e1 \u0159e\u0161en\u00ed.Pokud to jde, m\u011bl by to doty\u010dn\u00fd odvozit po \u010d\u00e1stech. Nap\u0159ed by m\u011bl nalo\u017eit \u010d\u00e1st, pak dal\u0161\u00ed a dal\u0161\u00ed \u010d\u00e1sti, a jezdit s t\u00edm sem a tam.A pokud to nejde, proto\u017ee by to bylo p\u0159\u00edli\u0161 nepraktick\u00e9 \u010di dokonce nerealizovateln\u00e9, m\u011bl by si n\u011bkde sehnat dod\u00e1vku.Ov\u0161em kde doty\u010dn\u00fd se\u017eene dod\u00e1vku?Samoz\u0159ejm\u011b je mo\u017en\u00e9 si ji koupit u n\u011bjak\u00e9ho dealera. Ale to by ur\u010dit\u011b nebylo to prav\u00e9. Jednou by s n\u00ed n\u011bco odvezl a\u2026 K \u010demu by mu potom byla? U\u017e k ni\u010demu.Daleko v\u00fdhodn\u011bj\u0161\u00ed je si takovou dod\u00e1vku jenom p\u016fj\u010dit. Proto\u017ee \u010dlov\u011bk s jej\u00ed pomoc\u00ed zvl\u00e1dne za p\u0159\u00edznivou cenu vy\u0159\u00eddit to, co je pot\u0159eba, a potom ji jednodu\u0161e zase vr\u00e1t\u00ed.P\u016fj\u010dovna dod\u00e1vek Praha je pak t\u00edm nejoptim\u00e1ln\u011bj\u0161\u00edm z nejoptim\u00e1ln\u011bj\u0161\u00edch \u0159e\u0161en\u00ed. Tady \u010dlov\u011bku toti\u017e p\u016fj\u010d\u00ed kvalitn\u00ed v\u016fz, a to za p\u0159ekvapiv\u011b p\u0159\u00edzniv\u00e9 ceny, nejni\u017e\u0161\u00ed na na\u0161em trhu. Ka\u017ed\u00fd v\u016fz, kter\u00fd si tu lze p\u016fj\u010dit, a to na velice kr\u00e1tkou dobu stejn\u011b jako dlouhodob\u011b, je v dokonal\u00e9m technick\u00e9m stavu a \u010dlov\u011bk ho dostane k dispozici i vy\u010di\u0161t\u011bn\u00fd, i s napln\u011bnou n\u00e1dr\u017e\u00ed, i s povinn\u00fdm stejn\u011b jako havarijn\u00edm poji\u0161t\u011bn\u00edm se \u0161pi\u010dkovou asisten\u010dn\u00ed slu\u017ebou. Plus si k n\u011bmu lze vz\u00edt i p\u0159\u00edv\u011bs, nebo si dokonce rovnou zamluvit i \u0159idi\u010de, kter\u00fd se tu nab\u00edz\u00ed t\u00e9\u017e.Tak\u017ee \u010dlov\u011bk hrav\u011b odvoz\u00ed v\u0161e, co je odvozit t\u0159eba. A co by se sv\u00fdm osobn\u00edm vozem jenom st\u011b\u017e\u00ed zvl\u00e1dnul.                                                                                                                                                                                                                                                                                                                                                                                          4.7\/5 - (7 votes)        "},{"@context":"https:\/\/schema.org\/","@type":"BreadcrumbList","itemListElement":[{"@type":"ListItem","position":1,"name":"Kdy\u017e m\u00e1te moc mal\u00e9 auto","item":"https:\/\/www.spira.cz\/kdyz-mate-moc-male-auto\/#breadcrumbitem"}]}]