[{"@context":"https:\/\/schema.org\/","@type":"Article","@id":"https:\/\/www.spira.cz\/kdy-do-duchodu\/#Article","mainEntityOfPage":"https:\/\/www.spira.cz\/kdy-do-duchodu\/","headline":"Kdy do d\u016fchodu","name":"Kdy do d\u016fchodu","description":"Tuto vyhl\u00eddku m\u00e1me v\u00edcem\u00e9n\u011b v\u0161ichni, ale jak si tento zaslou\u017een\u00fd d\u016fchod u\u017e\u00edt co budeme d\u011blat tak d\u00e1le. S touto \u017eivotn\u00ed situac\u00ed se mus\u00edme cht\u011b n;echt\u011b vyrovnat. Je ov\u0161em dobr\u00e9 \u017ee m\u016f\u017eeme \u010derpat z rad a zku\u0161enost\u00ed odborn\u00fdch pracovn\u00edk\u016f poradensk\u00fdch firem. Odchod do d\u016fchodu Oslovte odbornou firmu a m\u016f\u017eete klidn\u011b p\u0159es internetov\u00e9 rozhran\u00ed, aby v\u00e1m vypo\u010d\u00edtala [&hellip;]","datePublished":"2024-11-09","dateModified":"2024-11-09","author":{"@type":"Person","@id":"https:\/\/www.spira.cz\/author\/#Person","name":"","url":"https:\/\/www.spira.cz\/author\/","identifier":1,"image":{"@type":"ImageObject","@id":"https:\/\/secure.gravatar.com\/avatar\/d2f205e1507a0401c7d467d32c87ccece0f63a45b81075bb691dbe8d4c823787?s=96&d=mm&r=g","url":"https:\/\/secure.gravatar.com\/avatar\/d2f205e1507a0401c7d467d32c87ccece0f63a45b81075bb691dbe8d4c823787?s=96&d=mm&r=g","height":96,"width":96}},"publisher":{"@type":"Organization","name":"spira.cz","logo":{"@type":"ImageObject","@id":"\/logo.png","url":"\/logo.png","width":600,"height":60}},"url":"https:\/\/www.spira.cz\/kdy-do-duchodu\/","wordCount":186,"articleBody":"Tuto vyhl\u00eddku m\u00e1me v\u00edcem\u00e9n\u011b v\u0161ichni, ale jak si tento zaslou\u017een\u00fd d\u016fchod u\u017e\u00edt co budeme d\u011blat tak d\u00e1le. S touto \u017eivotn\u00ed situac\u00ed se mus\u00edme cht\u011b n;echt\u011b vyrovnat. Je ov\u0161em dobr\u00e9 \u017ee m\u016f\u017eeme \u010derpat z rad a zku\u0161enost\u00ed odborn\u00fdch pracovn\u00edk\u016f poradensk\u00fdch firem.Odchod do d\u016fchoduOslovte odbornou firmu a m\u016f\u017eete klidn\u011b p\u0159es internetov\u00e9 rozhran\u00ed, aby v\u00e1m vypo\u010d\u00edtala p\u0159edb\u011b\u017en\u00fd datum odchodu do d\u016fchodu. A vy tak budete m\u00edt jasno a m\u016f\u017eete si spoustu v\u011bc\u00ed za\u0159\u00eddit \u010di pop\u0159\u00edpad\u011b si prodlou\u017eit pracovn\u00ed aktivitu. Jak se \u0159\u00edk\u00e1 dobr\u00e1 rada nad zlato.D\u016fv\u011b\u0159uj, ale prov\u011b\u0159ujN\u00e1rok na d\u016fchod n\u00e1m vypl\u00fdv\u00e1 z vykonan\u00e9 pr\u00e1ce a dal\u0161\u00edch ukazatel\u016f a p\u0159izn\u00e1v\u00e1 n\u00e1m ho st\u00e1t. Je ov\u0161em dobr\u00e9 si nechat v\u0161e zkontrolovat a pop\u0159\u00edpad\u011b si nechat poradit od specializovan\u00fdch firem. A\u0165 n\u00e1m souslov\u00ed odchod do d\u016fchodu ned\u011bl\u00e1 zbyte\u010dn\u00e9 vr\u00e1sky na \u010dele.                                                                                                                                                                                                                                                                                                                                                                                        3.3\/5 - (3 votes)        "},{"@context":"https:\/\/schema.org\/","@type":"BreadcrumbList","itemListElement":[{"@type":"ListItem","position":1,"name":"Kdy do d\u016fchodu","item":"https:\/\/www.spira.cz\/kdy-do-duchodu\/#breadcrumbitem"}]}]