[{"@context":"https:\/\/schema.org\/","@type":"Article","@id":"https:\/\/www.spira.cz\/jste-nekde-mezi-zalibami-a-kamarady\/#Article","mainEntityOfPage":"https:\/\/www.spira.cz\/jste-nekde-mezi-zalibami-a-kamarady\/","headline":"Jste n\u011bkde mezi z\u00e1libami a kamar\u00e1dy?","name":"Jste n\u011bkde mezi z\u00e1libami a kamar\u00e1dy?","description":"Pro \u017eeny znamen\u00e1 vztah n\u011bco jin\u00e9ho ne\u017e pro mu\u017ee. Zat\u00edmco mu\u017ei jsou si v\u011bdomi toho, \u017ee maj\u00ed \u017eenu sv\u00fdch sn\u016f, kterou miluj\u00ed a tr\u00e1v\u00ed s n\u00ed \u010das, nic jin\u00e9ho jich v takov\u00e9m z\u00e1vazku, jak\u00fdm je partnerstv\u00ed neomezuje. \u017deny jsou naopak schopn\u00e9 ob\u011btovat pro partnera a vztah v\u0161echno a m\u00edt pot\u0159ebu, aby byl tady pouze pro [&hellip;]","datePublished":"2025-11-30","dateModified":"2025-11-30","author":{"@type":"Person","@id":"https:\/\/www.spira.cz\/author\/#Person","name":"","url":"https:\/\/www.spira.cz\/author\/","identifier":1,"image":{"@type":"ImageObject","@id":"https:\/\/secure.gravatar.com\/avatar\/d2f205e1507a0401c7d467d32c87ccece0f63a45b81075bb691dbe8d4c823787?s=96&d=mm&r=g","url":"https:\/\/secure.gravatar.com\/avatar\/d2f205e1507a0401c7d467d32c87ccece0f63a45b81075bb691dbe8d4c823787?s=96&d=mm&r=g","height":96,"width":96}},"publisher":{"@type":"Organization","name":"spira.cz","logo":{"@type":"ImageObject","@id":"\/logo.png","url":"\/logo.png","width":600,"height":60}},"image":{"@type":"ImageObject","@id":"https:\/\/www.spira.cz\/wp-content\/uploads\/img_a338065_w2571_t1550856728.jpg","url":"https:\/\/www.spira.cz\/wp-content\/uploads\/img_a338065_w2571_t1550856728.jpg","height":0,"width":0},"url":"https:\/\/www.spira.cz\/jste-nekde-mezi-zalibami-a-kamarady\/","wordCount":474,"articleBody":"Pro \u017eeny znamen\u00e1 vztah n\u011bco jin\u00e9ho ne\u017e pro mu\u017ee. Zat\u00edmco mu\u017ei jsou si v\u011bdomi toho, \u017ee maj\u00ed \u017eenu sv\u00fdch sn\u016f, kterou miluj\u00ed a tr\u00e1v\u00ed s n\u00ed \u010das, nic jin\u00e9ho jich v takov\u00e9m z\u00e1vazku, jak\u00fdm je partnerstv\u00ed neomezuje. \u017deny jsou naopak schopn\u00e9 ob\u011btovat pro partnera a vztah v\u0161echno a m\u00edt pot\u0159ebu, aby byl tady pouze pro jejich mali\u010dkost.Mnoho ze sv\u00e9ho svobodn\u00e9ho \u017eivota opou\u0161t\u011bj\u00ed, vzd\u00e1vaj\u00ed se z\u00e1lib nebo aktivit, kter\u00e9 d\u011blaly je\u0161t\u011b v dob\u011b, kdy byly nezadan\u00e9 a n\u011bkdy i kamar\u00e1dek, kter\u00e9 byly v\u017edy na prvn\u00edm m\u00edst\u011b.\tKdy\u017e toho v\u00e1\u0161 partner moc nezm\u011bn\u00edMu\u017ei nemaj\u00ed r\u00e1di zm\u011bny. Pokud si u\u017e najdou \u017eenu, kter\u00e1 jich okouzl\u00ed a rozhodnou se s n\u00ed z\u016fstat, neznamen\u00e1 to pro nich \u017e\u00e1dn\u00e9 omezen\u00ed a ukon\u010den\u00ed dosavadn\u00edch aktivit. V\u011bnuj\u00ed se tedy kon\u00ed\u010dk\u016fm, kter\u00e9 m\u011bli na po\u0159adu dne a rovn\u011b\u017e i spole\u010dnosti sv\u00fdch kamar\u00e1d\u016f, bez kter\u00fdch nem\u016f\u017eou \u017e\u00edt. Probl\u00e9m v\u0161ak m\u016f\u017ee nastat ve chv\u00edli, kdy zjist\u00edte, \u017ee n\u011bkdy mezi t\u00edm v\u0161\u00edm, se nach\u00e1z\u00edte vy.Co m\u016f\u017eete ud\u011blat?M\u016f\u017eete va\u0161eho partnera po\u017e\u00e1dat, aby v\u00edce \u010dasu v\u011bnoval pouze v\u00e1m, ov\u0161em v takov\u00e9m p\u0159\u00edpad\u011b si budete koledovat o to, aby s v\u00e1mi dlouho nevydr\u017eel. Samoz\u0159ejm\u011b, \u017ee chcete pat\u0159it na prvn\u00ed m\u00edsto jeho z\u00e1jm\u016f, ale tak, \u017ee ho oberete o v\u0161echno to, co miluje a d\u011bl\u00e1 mu radost, toho ur\u010dit\u011b nedoc\u00edl\u00edte.V\u016fbec nejlep\u0161\u00ed bude, kdy\u017e se i vy vr\u00e1t\u00edte k aktivit\u00e1m, kter\u00e9 jste milovaly. T\u00edm p\u00e1dem budete m\u00edt v \u017eivot\u011b dostatek \u010dasu na to, co v\u00e1s bav\u00ed a vztah, kter\u00fd m\u00e1te, bude harmonick\u00fd i d\u00edky tomu, \u017ee na sob\u011b nebudete nalepen\u00ed 24 hodin denn\u011b. A nem\u00e9n\u011b d\u016fle\u017eit\u00e9 je i to, \u017ee chv\u00edle, kter\u00e9 s va\u0161im partnerem pro\u017eijete, budou pro v\u00e1s daleko vz\u00e1cn\u011bj\u0161\u00ed a kouzeln\u011bj\u0161\u00ed.\tZapojte se do jeho \u017eivotaPokud v\u00e1\u0161 partner nebude nam\u00edtat, nebylo by na \u0161kodu, zapojit se do jeho aktivit nebo ho v nich alespo\u0148 podpo\u0159it a \u010das od \u010dasu, si vyrazit i s jeho kamar\u00e1dy jako p\u00e1r.Nem\u011bly byste st\u00e1t zcela stranou a nebrat \u017eivot va\u0161eho partnera jako va\u0161i sou\u010d\u00e1st.Je d\u016fle\u017eit\u00e9, aby o v\u00e1s v\u011bd\u011bl a\u00a0 c\u00edtil, \u017ee v\u00edte, jak je pro n\u011bho d\u016fle\u017eit\u00e9 soci\u00e1ln\u00ed nebo sportovn\u00ed vy\u017eit\u00ed, kter\u00e9 nem\u00e1 na v\u00e1\u0161 vztah a l\u00e1sku k v\u00e1m, \u017e\u00e1dn\u00fd vliv.\u00a0                                                                                                                                                                                                                                                                                                                                                                                        5\/5 - (1 vote)        "},{"@context":"https:\/\/schema.org\/","@type":"BreadcrumbList","itemListElement":[{"@type":"ListItem","position":1,"name":"Jste n\u011bkde mezi z\u00e1libami a kamar\u00e1dy?","item":"https:\/\/www.spira.cz\/jste-nekde-mezi-zalibami-a-kamarady\/#breadcrumbitem"}]}]