[{"@context":"https:\/\/schema.org\/","@type":"Article","@id":"https:\/\/www.spira.cz\/garazova-vrata-jako-prekvapeni-pro-zbytek-rodiny\/#Article","mainEntityOfPage":"https:\/\/www.spira.cz\/garazova-vrata-jako-prekvapeni-pro-zbytek-rodiny\/","headline":"Gar\u00e1\u017eov\u00e1 vrata jako p\u0159ekvapen\u00ed pro zbytek rodiny","name":"Gar\u00e1\u017eov\u00e1 vrata jako p\u0159ekvapen\u00ed pro zbytek rodiny","description":"Kdy\u017e jsme bydleli s p\u0159\u00edtelkyn\u00ed ve star\u0161\u00edm rodinn\u00e9m dom\u011b, prov\u00e1d\u011bl jsem tu sv\u00e9pomoc\u00ed jeho \u010d\u00e1ste\u010dnou rekonstrukci a jednoho dne mi p\u0159\u00edtelkyn\u011b usnadnila pr\u00e1ci t\u00edm, \u017ee objednala mont\u00e1\u017e nov\u00fdch gar\u00e1\u017eov\u00fdch vrat u specializovan\u00e9 firmy, kter\u00e1 nahradila vrata st\u00e1vaj\u00edc\u00ed. \u010c\u00edm m\u011b nov\u00e1 vrata pot\u011b\u0161ila? Snadno se otev\u00edrala a zav\u00edrala. Velmi m\u011b pot\u011b\u0161il syst\u00e9m pohybu vrat, kter\u00fd nevy\u017eadoval [&hellip;]","datePublished":"2025-12-11","dateModified":"2025-12-11","author":{"@type":"Person","@id":"https:\/\/www.spira.cz\/author\/#Person","name":"","url":"https:\/\/www.spira.cz\/author\/","identifier":1,"image":{"@type":"ImageObject","@id":"https:\/\/secure.gravatar.com\/avatar\/d2f205e1507a0401c7d467d32c87ccece0f63a45b81075bb691dbe8d4c823787?s=96&d=mm&r=g","url":"https:\/\/secure.gravatar.com\/avatar\/d2f205e1507a0401c7d467d32c87ccece0f63a45b81075bb691dbe8d4c823787?s=96&d=mm&r=g","height":96,"width":96}},"publisher":{"@type":"Organization","name":"spira.cz","logo":{"@type":"ImageObject","@id":"\/logo.png","url":"\/logo.png","width":600,"height":60}},"image":{"@type":"ImageObject","@id":"https:\/\/www.spira.cz\/wp-content\/uploads\/gate-49610_640_10_2.jpg","url":"https:\/\/www.spira.cz\/wp-content\/uploads\/gate-49610_640_10_2.jpg","height":0,"width":0},"url":"https:\/\/www.spira.cz\/garazova-vrata-jako-prekvapeni-pro-zbytek-rodiny\/","about":["N\u00e1kupy"],"wordCount":422,"articleBody":"       Kdy\u017e jsme bydleli s p\u0159\u00edtelkyn\u00ed ve star\u0161\u00edm rodinn\u00e9m dom\u011b, prov\u00e1d\u011bl jsem tu sv\u00e9pomoc\u00ed jeho \u010d\u00e1ste\u010dnou rekonstrukci a jednoho dne mi p\u0159\u00edtelkyn\u011b usnadnila pr\u00e1ci t\u00edm, \u017ee objednala mont\u00e1\u017e nov\u00fdch gar\u00e1\u017eov\u00fdch vrat u specializovan\u00e9 firmy, kter\u00e1 nahradila vrata st\u00e1vaj\u00edc\u00ed.\u010c\u00edm m\u011b nov\u00e1 vrata pot\u011b\u0161ila?Snadno se otev\u00edrala a zav\u00edrala. Velmi m\u011b pot\u011b\u0161il syst\u00e9m pohybu vrat, kter\u00fd nevy\u017eadoval velkou fyzickou n\u00e1mahu. P\u0159i ka\u017ed\u00e9m p\u0159\u00edjezdu autem ke gar\u00e1\u017ei jsem si uv\u011bdomoval, \u017ee bude velmi pravd\u011bpodobn\u00e9, \u017ee m\u011b vrata nezklamou a budou spolehliv\u011b chr\u00e1nit p\u0159\u00edbytek a z\u00e1rove\u0148 nebude obt\u00ed\u017en\u00e9 vjet autem do gar\u00e1\u017ee. Tehdy jsme nem\u011bli k dispozici automatick\u00e9 otev\u00edr\u00e1n\u00ed vrat, kter\u00e9 zvy\u0161uje nejen komfort p\u0159i pohybu, ale m\u016f\u017ee b\u00fdt n\u00e1pomocn\u00e9 za de\u0161t\u011b nebo p\u0159i bou\u0159ce, kdy je bezpe\u010dn\u011bj\u0161\u00ed z\u016fstat uvnit\u0159 vozidla a otev\u0159\u00edt gar\u00e1\u017e d\u00e1lkov\u00fdm ovl\u00e1d\u00e1n\u00edm.Dob\u0159e vypadala. Nov\u00e1 plechov\u00e1 gar\u00e1\u017eov\u00e1 vrata vypadala opravdu k sv\u011btu. M\u011bla sv\u011btlou barvu, mysl\u00edm, \u017ee kr\u00e9movou, u\u017e si p\u0159esn\u011b nepamatuji, ale ka\u017edop\u00e1dn\u011b jejich vzhled v mnoh\u00e9m p\u0159ed\u010dil vrata p\u016fvodn\u00ed. Na vzhledu vrat velmi z\u00e1le\u017e\u00ed, nebo\u0165 dotv\u00e1\u0159\u00ed cel\u00fd komplex rodinn\u00e9ho domu a dobr\u00fd estetick\u00fd dojem se tak\u00e9 pod\u00edl\u00ed na p\u0159\u00edjemn\u00e9m bydlen\u00ed. Prostor p\u0159ed gar\u00e1\u017e\u00ed. Otev\u00edr\u00e1n\u00ed vrat sm\u011brem dovnit\u0159, do gar\u00e1\u017eov\u00fdch prostor, umo\u017e\u0148uje parkovat s autem p\u0159\u00edmo p\u0159ed vraty, ani\u017e by byl probl\u00e9m s jejich otev\u0159en\u00edm. To se m\u016f\u017ee hodit, kdy\u017e j n\u00e1m bude m\u00ed\u0159it vz\u00e1cn\u00e1 n\u00e1v\u0161t\u011bva, t\u0159eba Tom\u00e1\u0161 s Kl\u00e1rou, kte\u0159\u00ed zaparkuj\u00ed hned p\u0159ed gar\u00e1\u017e\u00ed a nebudou muset st\u00e1t s autem venku na ulici, kde by mohl v\u016fz utrp\u011bt n\u011bjakou \u0161kodu. P\u0159ed gar\u00e1\u017e\u00ed je tak\u00e9 mo\u017en\u00e9 do\u010dasn\u011b slo\u017eit n\u011bjak\u00fd n\u00e1klad a sou\u010dasn\u011b vstupovat vraty do gar\u00e1\u017eov\u00fdch prostor.\u00dadr\u017eba a \u017eivotnost vrat. Pot\u011b\u0161ilo m\u011b, \u017ee vrata nebyla zhotovena ze d\u0159eva a nemusela se nat\u00edrat ani nijak jinak slo\u017eit\u011b udr\u017eovat v dobr\u00e9m technick\u00e9m stavu. \u017divotnost t\u011bchto v\u00fdrobk\u016f se pohybuje v des\u00edtk\u00e1ch let a je to jedna z dal\u0161\u00edch v\u011bc\u00ed, kter\u00e9 p\u0159in\u00e1\u0161\u00ed lep\u0161\u00ed bytov\u00fd komfort v obytn\u00e9m prostoru.                                                                                                                                                                                                                                                                                                                                                                                          3.5\/5 - (4 votes)        "},{"@context":"https:\/\/schema.org\/","@type":"BreadcrumbList","itemListElement":[{"@type":"ListItem","position":1,"name":"Gar\u00e1\u017eov\u00e1 vrata jako p\u0159ekvapen\u00ed pro zbytek rodiny","item":"https:\/\/www.spira.cz\/garazova-vrata-jako-prekvapeni-pro-zbytek-rodiny\/#breadcrumbitem"}]}]