[{"@context":"https:\/\/schema.org\/","@type":"Blog","@id":"https:\/\/www.spira.cz#Blog","headline":"Spira","description":"\nZa trochu l\u00e1sky nemus\u00edte j\u00edt slovy klasika sv\u011bta kraj, a u\u017e v\u016fbec nemus\u00edte j\u00edt s hlavou odkrytou a bos\u00ed. R\u00e1di v\u00e1s toti\u017e m\u00e1me i zde na na\u0161\u00ed internetov\u00e9 str\u00e1nce.","url":"https:\/\/www.spira.cz","hasPart":[{"@type":"Article","@id":"https:\/\/www.spira.cz\/stehovani-ve-velkem-stylu\/","headline":"St\u011bhov\u00e1n\u00ed ve velk\u00e9m stylu","url":"https:\/\/www.spira.cz\/stehovani-ve-velkem-stylu\/","datePublished":"2026-01-22","dateModified":"2026-01-22","mainEntityOfPage":"https:\/\/www.spira.cz\/stehovani-ve-velkem-stylu\/","author":{"@type":"Person","@id":"https:\/\/www.spira.cz\/author\/#Person","name":"","url":"https:\/\/www.spira.cz\/author\/","identifier":1,"image":{"@type":"ImageObject","@id":"https:\/\/secure.gravatar.com\/avatar\/d2f205e1507a0401c7d467d32c87ccece0f63a45b81075bb691dbe8d4c823787?s=96&d=mm&r=g","url":"https:\/\/secure.gravatar.com\/avatar\/d2f205e1507a0401c7d467d32c87ccece0f63a45b81075bb691dbe8d4c823787?s=96&d=mm&r=g","height":96,"width":96}},"publisher":{"@type":"Organization","name":"spira.cz","logo":{"@type":"ImageObject","@id":"\/logo.png","url":"\/logo.png","width":600,"height":60}},"image":{"@type":"ImageObject","@id":"https:\/\/www.spira.cz\/wp-content\/uploads\/pexels-shvets-production-7203881.jpg","url":"https:\/\/www.spira.cz\/wp-content\/uploads\/pexels-shvets-production-7203881.jpg","height":0,"width":0},"wordCount":640,"keywords":null},{"@type":"Article","@id":"https:\/\/www.spira.cz\/revize-nouzoveho-osvetleni-chrani-zivoty-lidi\/","headline":"Revize nouzov\u00e9ho osv\u011btlen\u00ed chr\u00e1n\u00ed \u017eivoty lid\u00ed","url":"https:\/\/www.spira.cz\/revize-nouzoveho-osvetleni-chrani-zivoty-lidi\/","datePublished":"2026-01-05","dateModified":"2026-01-05","mainEntityOfPage":"https:\/\/www.spira.cz\/revize-nouzoveho-osvetleni-chrani-zivoty-lidi\/","author":{"@type":"Person","@id":"https:\/\/www.spira.cz\/author\/#Person","name":"","url":"https:\/\/www.spira.cz\/author\/","identifier":1,"image":{"@type":"ImageObject","@id":"https:\/\/secure.gravatar.com\/avatar\/d2f205e1507a0401c7d467d32c87ccece0f63a45b81075bb691dbe8d4c823787?s=96&d=mm&r=g","url":"https:\/\/secure.gravatar.com\/avatar\/d2f205e1507a0401c7d467d32c87ccece0f63a45b81075bb691dbe8d4c823787?s=96&d=mm&r=g","height":96,"width":96}},"publisher":{"@type":"Organization","name":"spira.cz","logo":{"@type":"ImageObject","@id":"\/logo.png","url":"\/logo.png","width":600,"height":60}},"image":{"@type":"ImageObject","@id":"https:\/\/www.spira.cz\/wp-content\/uploads\/stocksnap-auditorium-2584269_640.jpg","url":"https:\/\/www.spira.cz\/wp-content\/uploads\/stocksnap-auditorium-2584269_640.jpg","height":0,"width":0},"wordCount":497,"keywords":null},{"@type":"Article","@id":"https:\/\/www.spira.cz\/garazova-vrata-jako-prekvapeni-pro-zbytek-rodiny\/","headline":"Gar\u00e1\u017eov\u00e1 vrata jako p\u0159ekvapen\u00ed pro zbytek rodiny","url":"https:\/\/www.spira.cz\/garazova-vrata-jako-prekvapeni-pro-zbytek-rodiny\/","datePublished":"2025-12-11","dateModified":"2025-12-11","mainEntityOfPage":"https:\/\/www.spira.cz\/garazova-vrata-jako-prekvapeni-pro-zbytek-rodiny\/","author":{"@type":"Person","@id":"https:\/\/www.spira.cz\/author\/#Person","name":"","url":"https:\/\/www.spira.cz\/author\/","identifier":1,"image":{"@type":"ImageObject","@id":"https:\/\/secure.gravatar.com\/avatar\/d2f205e1507a0401c7d467d32c87ccece0f63a45b81075bb691dbe8d4c823787?s=96&d=mm&r=g","url":"https:\/\/secure.gravatar.com\/avatar\/d2f205e1507a0401c7d467d32c87ccece0f63a45b81075bb691dbe8d4c823787?s=96&d=mm&r=g","height":96,"width":96}},"publisher":{"@type":"Organization","name":"spira.cz","logo":{"@type":"ImageObject","@id":"\/logo.png","url":"\/logo.png","width":600,"height":60}},"image":{"@type":"ImageObject","@id":"https:\/\/www.spira.cz\/wp-content\/uploads\/gate-49610_640_10_2.jpg","url":"https:\/\/www.spira.cz\/wp-content\/uploads\/gate-49610_640_10_2.jpg","height":0,"width":0},"wordCount":652,"keywords":null},{"@type":"Article","@id":"https:\/\/www.spira.cz\/jste-nekde-mezi-zalibami-a-kamarady\/","headline":"Jste n\u011bkde mezi z\u00e1libami a kamar\u00e1dy?","url":"https:\/\/www.spira.cz\/jste-nekde-mezi-zalibami-a-kamarady\/","datePublished":"2025-11-30","dateModified":"2025-11-30","mainEntityOfPage":"https:\/\/www.spira.cz\/jste-nekde-mezi-zalibami-a-kamarady\/","author":{"@type":"Person","@id":"https:\/\/www.spira.cz\/author\/#Person","name":"","url":"https:\/\/www.spira.cz\/author\/","identifier":1,"image":{"@type":"ImageObject","@id":"https:\/\/secure.gravatar.com\/avatar\/d2f205e1507a0401c7d467d32c87ccece0f63a45b81075bb691dbe8d4c823787?s=96&d=mm&r=g","url":"https:\/\/secure.gravatar.com\/avatar\/d2f205e1507a0401c7d467d32c87ccece0f63a45b81075bb691dbe8d4c823787?s=96&d=mm&r=g","height":96,"width":96}},"publisher":{"@type":"Organization","name":"spira.cz","logo":{"@type":"ImageObject","@id":"\/logo.png","url":"\/logo.png","width":600,"height":60}},"image":{"@type":"ImageObject","@id":"https:\/\/www.spira.cz\/wp-content\/uploads\/img_a338065_w2571_t1550856728.jpg","url":"https:\/\/www.spira.cz\/wp-content\/uploads\/img_a338065_w2571_t1550856728.jpg","height":0,"width":0},"wordCount":589,"keywords":null},{"@type":"Article","@id":"https:\/\/www.spira.cz\/mikina-s-potiskem-jako-pracovni-odev\/","headline":"Mikina s potiskem jako pracovn\u00ed od\u011bv","url":"https:\/\/www.spira.cz\/mikina-s-potiskem-jako-pracovni-odev\/","datePublished":"2025-11-14","dateModified":"2025-11-14","mainEntityOfPage":"https:\/\/www.spira.cz\/mikina-s-potiskem-jako-pracovni-odev\/","author":{"@type":"Person","@id":"https:\/\/www.spira.cz\/author\/#Person","name":"","url":"https:\/\/www.spira.cz\/author\/","identifier":1,"image":{"@type":"ImageObject","@id":"https:\/\/secure.gravatar.com\/avatar\/d2f205e1507a0401c7d467d32c87ccece0f63a45b81075bb691dbe8d4c823787?s=96&d=mm&r=g","url":"https:\/\/secure.gravatar.com\/avatar\/d2f205e1507a0401c7d467d32c87ccece0f63a45b81075bb691dbe8d4c823787?s=96&d=mm&r=g","height":96,"width":96}},"publisher":{"@type":"Organization","name":"spira.cz","logo":{"@type":"ImageObject","@id":"\/logo.png","url":"\/logo.png","width":600,"height":60}},"image":{"@type":"ImageObject","@id":"https:\/\/www.spira.cz\/wp-content\/uploads\/people-2598484_640_10_1.jpg","url":"https:\/\/www.spira.cz\/wp-content\/uploads\/people-2598484_640_10_1.jpg","height":0,"width":0},"wordCount":627,"keywords":null},{"@type":"Article","@id":"https:\/\/www.spira.cz\/ve-svem-byte-uz-nechci-zadna-stara-drevena-okna\/","headline":"Ve sv\u00e9m byt\u011b u\u017e nechci \u017e\u00e1dn\u00e1 star\u00e1 d\u0159ev\u011bn\u00e1 okna","url":"https:\/\/www.spira.cz\/ve-svem-byte-uz-nechci-zadna-stara-drevena-okna\/","datePublished":"2025-11-12","dateModified":"2025-11-12","mainEntityOfPage":"https:\/\/www.spira.cz\/ve-svem-byte-uz-nechci-zadna-stara-drevena-okna\/","author":{"@type":"Person","@id":"https:\/\/www.spira.cz\/author\/#Person","name":"","url":"https:\/\/www.spira.cz\/author\/","identifier":1,"image":{"@type":"ImageObject","@id":"https:\/\/secure.gravatar.com\/avatar\/d2f205e1507a0401c7d467d32c87ccece0f63a45b81075bb691dbe8d4c823787?s=96&d=mm&r=g","url":"https:\/\/secure.gravatar.com\/avatar\/d2f205e1507a0401c7d467d32c87ccece0f63a45b81075bb691dbe8d4c823787?s=96&d=mm&r=g","height":96,"width":96}},"publisher":{"@type":"Organization","name":"spira.cz","logo":{"@type":"ImageObject","@id":"\/logo.png","url":"\/logo.png","width":600,"height":60}},"image":{"@type":"ImageObject","@id":"https:\/\/www.spira.cz\/wp-content\/uploads\/home-3593830_640_2.jpg","url":"https:\/\/www.spira.cz\/wp-content\/uploads\/home-3593830_640_2.jpg","height":0,"width":0},"wordCount":555,"keywords":null},{"@type":"Article","@id":"https:\/\/www.spira.cz\/co-se-muze-prihodit-pri-stehovani-nabytku\/","headline":"Co se m\u016f\u017ee p\u0159ihodit p\u0159i st\u011bhov\u00e1n\u00ed n\u00e1bytku","url":"https:\/\/www.spira.cz\/co-se-muze-prihodit-pri-stehovani-nabytku\/","datePublished":"2025-10-03","dateModified":"2025-10-03","mainEntityOfPage":"https:\/\/www.spira.cz\/co-se-muze-prihodit-pri-stehovani-nabytku\/","author":{"@type":"Person","@id":"https:\/\/www.spira.cz\/author\/#Person","name":"","url":"https:\/\/www.spira.cz\/author\/","identifier":1,"image":{"@type":"ImageObject","@id":"https:\/\/secure.gravatar.com\/avatar\/d2f205e1507a0401c7d467d32c87ccece0f63a45b81075bb691dbe8d4c823787?s=96&d=mm&r=g","url":"https:\/\/secure.gravatar.com\/avatar\/d2f205e1507a0401c7d467d32c87ccece0f63a45b81075bb691dbe8d4c823787?s=96&d=mm&r=g","height":96,"width":96}},"publisher":{"@type":"Organization","name":"spira.cz","logo":{"@type":"ImageObject","@id":"\/logo.png","url":"\/logo.png","width":600,"height":60}},"image":{"@type":"ImageObject","@id":"https:\/\/www.spira.cz\/wp-content\/uploads\/couch-447484_640_6.jpg","url":"https:\/\/www.spira.cz\/wp-content\/uploads\/couch-447484_640_6.jpg","height":0,"width":0},"wordCount":541,"keywords":null},{"@type":"Article","@id":"https:\/\/www.spira.cz\/bavlnene-zavesy-do-bytovych-oken\/","headline":"Bavln\u011bn\u00e9 z\u00e1v\u011bsy do bytov\u00fdch oken","url":"https:\/\/www.spira.cz\/bavlnene-zavesy-do-bytovych-oken\/","datePublished":"2025-10-03","dateModified":"2025-10-03","mainEntityOfPage":"https:\/\/www.spira.cz\/bavlnene-zavesy-do-bytovych-oken\/","author":{"@type":"Person","@id":"https:\/\/www.spira.cz\/author\/#Person","name":"","url":"https:\/\/www.spira.cz\/author\/","identifier":1,"image":{"@type":"ImageObject","@id":"https:\/\/secure.gravatar.com\/avatar\/d2f205e1507a0401c7d467d32c87ccece0f63a45b81075bb691dbe8d4c823787?s=96&d=mm&r=g","url":"https:\/\/secure.gravatar.com\/avatar\/d2f205e1507a0401c7d467d32c87ccece0f63a45b81075bb691dbe8d4c823787?s=96&d=mm&r=g","height":96,"width":96}},"publisher":{"@type":"Organization","name":"spira.cz","logo":{"@type":"ImageObject","@id":"\/logo.png","url":"\/logo.png","width":600,"height":60}},"image":{"@type":"ImageObject","@id":"https:\/\/www.spira.cz\/wp-content\/uploads\/curtains-1854110_640_10_3.jpg","url":"https:\/\/www.spira.cz\/wp-content\/uploads\/curtains-1854110_640_10_3.jpg","height":0,"width":0},"wordCount":539,"keywords":null},{"@type":"Article","@id":"https:\/\/www.spira.cz\/jak-jste-na-tom-s-penezi\/","headline":"Jak jste na tom s pen\u011bzi?","url":"https:\/\/www.spira.cz\/jak-jste-na-tom-s-penezi\/","datePublished":"2025-08-04","dateModified":"2025-08-04","mainEntityOfPage":"https:\/\/www.spira.cz\/jak-jste-na-tom-s-penezi\/","author":{"@type":"Person","@id":"https:\/\/www.spira.cz\/author\/#Person","name":"","url":"https:\/\/www.spira.cz\/author\/","identifier":1,"image":{"@type":"ImageObject","@id":"https:\/\/secure.gravatar.com\/avatar\/d2f205e1507a0401c7d467d32c87ccece0f63a45b81075bb691dbe8d4c823787?s=96&d=mm&r=g","url":"https:\/\/secure.gravatar.com\/avatar\/d2f205e1507a0401c7d467d32c87ccece0f63a45b81075bb691dbe8d4c823787?s=96&d=mm&r=g","height":96,"width":96}},"publisher":{"@type":"Organization","name":"spira.cz","logo":{"@type":"ImageObject","@id":"\/logo.png","url":"\/logo.png","width":600,"height":60}},"image":{"@type":"ImageObject","@id":"https:\/\/www.spira.cz\/wp-content\/uploads\/pppppppppppppppppppppppppppppppppppppppppppppppppppppppppppppppp_10_1.jpg","url":"https:\/\/www.spira.cz\/wp-content\/uploads\/pppppppppppppppppppppppppppppppppppppppppppppppppppppppppppppppp_10_1.jpg","height":0,"width":0},"wordCount":655,"keywords":null},{"@type":"Article","@id":"https:\/\/www.spira.cz\/co-vsechno-tvori-cenu-drevostavby\/","headline":"Co v\u0161echno tvo\u0159\u00ed cenu d\u0159evostavby","url":"https:\/\/www.spira.cz\/co-vsechno-tvori-cenu-drevostavby\/","datePublished":"2025-07-13","dateModified":"2025-07-13","mainEntityOfPage":"https:\/\/www.spira.cz\/co-vsechno-tvori-cenu-drevostavby\/","author":{"@type":"Person","@id":"https:\/\/www.spira.cz\/author\/#Person","name":"","url":"https:\/\/www.spira.cz\/author\/","identifier":1,"image":{"@type":"ImageObject","@id":"https:\/\/secure.gravatar.com\/avatar\/d2f205e1507a0401c7d467d32c87ccece0f63a45b81075bb691dbe8d4c823787?s=96&d=mm&r=g","url":"https:\/\/secure.gravatar.com\/avatar\/d2f205e1507a0401c7d467d32c87ccece0f63a45b81075bb691dbe8d4c823787?s=96&d=mm&r=g","height":96,"width":96}},"publisher":{"@type":"Organization","name":"spira.cz","logo":{"@type":"ImageObject","@id":"\/logo.png","url":"\/logo.png","width":600,"height":60}},"image":{"@type":"ImageObject","@id":"https:\/\/www.spira.cz\/wp-content\/uploads\/d%C5%99ev%C4%9Bn%C3%BD%20d%C5%AFm_10_1.jpg","url":"https:\/\/www.spira.cz\/wp-content\/uploads\/d%C5%99ev%C4%9Bn%C3%BD%20d%C5%AFm_10_1.jpg","height":0,"width":0},"wordCount":720,"keywords":null}]},{"@context":"https:\/\/schema.org","@type":"WebSite","@id":"https:\/\/www.spira.cz\/#website","name":"Spira","url":"https:\/\/www.spira.cz","potentialAction":{"@type":"SearchAction","target":"https:\/\/www.spira.cz\/?s={search_term_string}","query-input":"required name=search_term_string"}}]